{"id":184621,"date":"2023-01-31T09:50:32","date_gmt":"2023-01-31T15:50:32","guid":{"rendered":"https:\/\/www.enteratever.com\/2023\/?p=184621"},"modified":"2023-01-31T09:50:34","modified_gmt":"2023-01-31T15:50:34","slug":"asiste-amado-cruz-a-entrega-de-mobiliario-escolar-al-jardin-de-ninos-juan-osorio","status":"publish","type":"post","link":"https:\/\/www.enteratever.com\/2023\/2023\/01\/31\/asiste-amado-cruz-a-entrega-de-mobiliario-escolar-al-jardin-de-ninos-juan-osorio\/","title":{"rendered":"Asiste Amado Cruz a entrega de mobiliario escolar al jard\u00edn de ni\u00f1os Juan Osorio"},"content":{"rendered":"<p>Visitas: 6<\/p>\n<p>El presidente municipal, Amado Cruz Malpica, atestigu\u00f3 la entrega del mobiliario escolar enviado por la Secretar\u00eda de Educaci\u00f3n de Veracruz a cargo de Zenyazen Escobar Garc\u00eda, al jard\u00edn de ni\u00f1os Juan Osorio L\u00f3pez, en la colonia Playa Sol, el cual beneficia a un total de 45 alumnos de esta instituci\u00f3n.<br>entrega de mobiliario 6<\/p>\n\n\n\n<p>El mobiliario forma parte de una donaci\u00f3n gestionada por la escuela a trav\u00e9s del programa \u201cEspacios Educativos\u201d que incluye 52 sillas de preescolar; 25 mesas de preescolar; tres pizarrones de tres metros; 35 sillas para maestros; y dos escritorios para maestros.<\/p>\n\n\n\n<p>\u201cGracias al personal docente, directivo y al servicio de intendencia por recibirnos; a los ni\u00f1os que siempre constituyen la esperanza de todas las sociedades; a los padres de familia que conf\u00edan en las instituciones p\u00fablicas de Veracruz; a mi amiga Paola Cabrera por estar siempre pendiente de las necesidades; y a Zenyazen Escobar que no ha olvidado a la escuela Juan Osorio\u201d, dijo el edil.<\/p>\n\n\n\n<p>Acompa\u00f1ado de la regidora Cuarta, Yajaira Tadeo Rodr\u00edguez, Cruz Malpica dio a conocer que a la par de esta donaci\u00f3n habr\u00e1 una m\u00e1s en la Escuela Secundaria T\u00e9cnica 143, esperando que estos mobiliarios dignifiquen los centros escolares.<\/p>\n\n\n\n<p>\u201cYo espero que sirva para que los peque\u00f1os est\u00e9n m\u00e1s c\u00f3modos, para que los maestros est\u00e9n en buenas condiciones de trabajo, para que sigamos prosperando en materia educativa y la esperanza de todas las sociedades crezca y se afiance, que sea para bien de la ciudad que todos queremos\u201d, expres\u00f3.<\/p>\n\n\n\n<p>La delegada regional de la SEV zona Coatzacoalcos, Paola Cabrera Antonio, remarc\u00f3 el apoyo del Ayuntamiento de Coatzacoalcos para hacer la entrega oportuna de este mobiliario a las instituciones educativas que fueron favorecidas por Espacios Educativos.<\/p>\n\n\n\n<p>\u201cHace unos d\u00edas la SEV de Xalapa nos da la excelente noticia de que este mobiliario iba a llegar a dos escuelas en Coatzacoalcos, desafortunadamente el tema del traslado ten\u00eda un obst\u00e1culo administrativo, decidimos comunicarnos con el presidente Amado Cruz, a quien agradecemos much\u00edsimo el apoyo inmediato que nos dio\u201d, resalt\u00f3.<\/p>\n\n\n\n<p>De esta manera, Cabrera Antonio puntualiz\u00f3 en la colaboraci\u00f3n interinstitucional: \u201cNo somos administraciones aisladas, somos administraciones colaborativas que trabajan de la mano, tanto el estado como el municipio y siempre recibiendo el apoyo de nuestro Presidente\u201d.<\/p>\n\n\n\n<p>Tras la entrega oficial, Amado Cruz Malpica, recorri\u00f3 el plantel y escuch\u00f3 las peticiones de los padres de familia para mejorar las condiciones de seguridad de la misma.<\/p>\n\n\n\n<p>Estuvieron presentes la supervisora escolar Zona 101, Mar\u00eda Dina Mart\u00ednez Clemente; en representaci\u00f3n de la directora del jard\u00edn de ni\u00f1os, Mar\u00eda Isabel Azcona Esteban, la licenciada Teresa de Jes\u00fas Carrasco Serrano; la presidenta de la sociedad de padres de familia, Zareth Contreras Cruz, alumnos y personal docente.<\/p>\n","protected":false},"excerpt":{"rendered":"<p>Visitas: 6 El presidente municipal, Amado Cruz Malpica, atestigu\u00f3 la entrega del mobiliario escolar enviado por la Secretar\u00eda de Educaci\u00f3n de Veracruz a cargo de Zenyazen Escobar Garc\u00eda, al jard\u00edn de ni\u00f1os Juan Osorio L\u00f3pez, en la colonia Playa Sol, el cual beneficia a un total de 45 alumnos de esta instituci\u00f3n.entrega de mobiliario 6 [&hellip;]<\/p>\n","protected":false},"author":2,"featured_media":184622,"comment_status":"open","ping_status":"open","sticky":false,"template":"","format":"standard","meta":{"footnotes":""},"categories":[243,241],"tags":[],"class_list":{"0":"post-184621","1":"post","2":"type-post","3":"status-publish","4":"format-standard","5":"has-post-thumbnail","7":"category-minatitlan","8":"category-zona-sur"},"nelio_content":{"isAutoShareEnabled":true,"autoShareEndMode":"never","automationSources":{"useCustomSentences":false,"customSentences":[]},"followers":[],"suggestedReferences":[],"efiUrl":"","efiAlt":"","highlights":[],"permalinkQueryArgs":[],"series":[]},"_links":{"self":[{"href":"https:\/\/www.enteratever.com\/2023\/wp-json\/wp\/v2\/posts\/184621","targetHints":{"allow":["GET"]}}],"collection":[{"href":"https:\/\/www.enteratever.com\/2023\/wp-json\/wp\/v2\/posts"}],"about":[{"href":"https:\/\/www.enteratever.com\/2023\/wp-json\/wp\/v2\/types\/post"}],"author":[{"embeddable":true,"href":"https:\/\/www.enteratever.com\/2023\/wp-json\/wp\/v2\/users\/2"}],"replies":[{"embeddable":true,"href":"https:\/\/www.enteratever.com\/2023\/wp-json\/wp\/v2\/comments?post=184621"}],"version-history":[{"count":1,"href":"https:\/\/www.enteratever.com\/2023\/wp-json\/wp\/v2\/posts\/184621\/revisions"}],"predecessor-version":[{"id":184623,"href":"https:\/\/www.enteratever.com\/2023\/wp-json\/wp\/v2\/posts\/184621\/revisions\/184623"}],"wp:featuredmedia":[{"embeddable":true,"href":"https:\/\/www.enteratever.com\/2023\/wp-json\/wp\/v2\/media\/184622"}],"wp:attachment":[{"href":"https:\/\/www.enteratever.com\/2023\/wp-json\/wp\/v2\/media?parent=184621"}],"wp:term":[{"taxonomy":"category","embeddable":true,"href":"https:\/\/www.enteratever.com\/2023\/wp-json\/wp\/v2\/categories?post=184621"},{"taxonomy":"post_tag","embeddable":true,"href":"https:\/\/www.enteratever.com\/2023\/wp-json\/wp\/v2\/tags?post=184621"}],"curies":[{"name":"wp","href":"https:\/\/api.w.org\/{rel}","templated":true}]}}