{"id":184524,"date":"2023-01-27T20:55:48","date_gmt":"2023-01-27T20:55:48","guid":{"rendered":"https:\/\/www.enteratever.com\/2023\/?p=184524"},"modified":"2023-01-30T21:05:44","modified_gmt":"2023-01-30T21:05:44","slug":"invita-ayuntamiento-a-disfrutar-de-teatro-y-baile-en-villa-allende","status":"publish","type":"post","link":"https:\/\/www.enteratever.com\/2023\/2023\/01\/27\/invita-ayuntamiento-a-disfrutar-de-teatro-y-baile-en-villa-allende\/","title":{"rendered":"Invita Ayuntamiento a disfrutar de teatro y baile en Villa Allende"},"content":{"rendered":"<p>Visitas: 7<\/p>\n<p>El Ayuntamiento de Coatzacoalcos que encabeza Amado Cruz Malpica, a trav\u00e9s de la Jefatura de Cultura, invita a la poblaci\u00f3n a disfrutar de la puesta en escena \u201cLa Pirata\u201d por parte de la compa\u00f1\u00eda \u201cTeatro Urbano\u201d, y de la presentaci\u00f3n de escuelas de danza locales este domingo 29 de enero en el domo del parque principal de Villa Allende a las 18:00 horas.<br><\/p>\n\n\n\n<p>En rueda de prensa, el titular de la jefatura, Christian Morales Aranda, inform\u00f3 que el programa forma parte de las actividades previstas este a\u00f1o en el proyecto cultural \u201cDesde de Adentro\u201d, mismo que fue implementando desde el arranque de esta administraci\u00f3n municipal.<\/p>\n\n\n\n<p>\u201cEstamos dando inicio este a\u00f1o a lo que es el proyecto \u201cDesde Adentro\u201d, con el cual buscamos llevar cultura a los pol\u00edgonos de atenci\u00f3n prioritaria, promover la paz, la armon\u00eda y ofrecer entretenimiento de manera gratuita e impulsar producciones locales\u201d, expres\u00f3.<\/p>\n\n\n\n<p>Morales Aranda expuso que, haciendo sinergia con grupos culturales de la ciudad, este fin de semana se contar\u00e1 con la participaci\u00f3n de \u201cTeatro Urbano\u201d; de la academia \u201cKids Dance\u201d; de los estudios de danza Cast Dance y Magical Spirit; as\u00ed como agradeci\u00f3 el apoyo del agente municipal de Villa Allende, Alejandro Trujillo Hern\u00e1ndez.<\/p>\n\n\n\n<p>El director de Teatro Urbano, David Aguirre Pav\u00f3n, explic\u00f3 que su presentaci\u00f3n forma parte del programa piloto de \u201cTeatro en tu Colonia\u201d, cuya finalidad es visitar todo el municipio para acercar este tipo de arte a personas que probablemente nunca han tenido la oportunidad de disfrutar de una puesta en escena.<\/p>\n\n\n\n<p>\u201c\u2019La Pirata\u2019 es una idea original de Sue Gough y Teatro Urbano; estamos trabajando con Christian en el proyecto \u2018Desde Adentro\u2019 para desarrollar el tejido social de nuestra ciudad, llevando cultura, teatro, entretenimiento a los pol\u00edgonos de atenci\u00f3n prioritaria de nuestra ciudad\u201d, remarc\u00f3.<\/p>\n\n\n\n<p>La productora de Teatro Urbano y actriz, Sue Gough Salazar, agradeci\u00f3 el apoyo de parte del Gobierno Municipal e invit\u00f3 a toda la familia a acudir este domingo a vivir este espect\u00e1culo que tiene un mensaje fuerte, positivo y de empoderamiento, que invita a todos a seguir sus sue\u00f1os, as\u00ed como a echar a volar la imaginaci\u00f3n.<\/p>\n\n\n\n<p>La Pirata es una obra de teatro que habla acerca del empoderamiento de los ni\u00f1os, las ni\u00f1as y que tambi\u00e9n toma parte de la historia de Veracruz, Sontecomapan, Roca Partida y la Cueva del Pirata, lugares que existen y que a veces desconocemos.<\/p>\n\n\n\n<p>Es un espect\u00e1culo con batallas, romances, monstruos y piratas zombies, para que acuda toda la familia y se la pasen incre\u00edble.<\/p>\n","protected":false},"excerpt":{"rendered":"<p>Visitas: 7 El Ayuntamiento de Coatzacoalcos que encabeza Amado Cruz Malpica, a trav\u00e9s de la Jefatura de Cultura, invita a la poblaci\u00f3n a disfrutar de la puesta en escena \u201cLa Pirata\u201d por parte de la compa\u00f1\u00eda \u201cTeatro Urbano\u201d, y de la presentaci\u00f3n de escuelas de danza locales este domingo 29 de enero en el domo [&hellip;]<\/p>\n","protected":false},"author":2,"featured_media":184535,"comment_status":"open","ping_status":"open","sticky":false,"template":"","format":"standard","meta":{"footnotes":""},"categories":[242,241],"tags":[],"class_list":{"0":"post-184524","1":"post","2":"type-post","3":"status-publish","4":"format-standard","5":"has-post-thumbnail","7":"category-coatzacoalcos","8":"category-zona-sur"},"nelio_content":{"isAutoShareEnabled":true,"autoShareEndMode":"never","automationSources":{"useCustomSentences":false,"customSentences":[]},"followers":[],"suggestedReferences":[],"efiUrl":"","efiAlt":"","highlights":[],"permalinkQueryArgs":[],"series":[]},"_links":{"self":[{"href":"https:\/\/www.enteratever.com\/2023\/wp-json\/wp\/v2\/posts\/184524","targetHints":{"allow":["GET"]}}],"collection":[{"href":"https:\/\/www.enteratever.com\/2023\/wp-json\/wp\/v2\/posts"}],"about":[{"href":"https:\/\/www.enteratever.com\/2023\/wp-json\/wp\/v2\/types\/post"}],"author":[{"embeddable":true,"href":"https:\/\/www.enteratever.com\/2023\/wp-json\/wp\/v2\/users\/2"}],"replies":[{"embeddable":true,"href":"https:\/\/www.enteratever.com\/2023\/wp-json\/wp\/v2\/comments?post=184524"}],"version-history":[{"count":1,"href":"https:\/\/www.enteratever.com\/2023\/wp-json\/wp\/v2\/posts\/184524\/revisions"}],"predecessor-version":[{"id":184538,"href":"https:\/\/www.enteratever.com\/2023\/wp-json\/wp\/v2\/posts\/184524\/revisions\/184538"}],"wp:featuredmedia":[{"embeddable":true,"href":"https:\/\/www.enteratever.com\/2023\/wp-json\/wp\/v2\/media\/184535"}],"wp:attachment":[{"href":"https:\/\/www.enteratever.com\/2023\/wp-json\/wp\/v2\/media?parent=184524"}],"wp:term":[{"taxonomy":"category","embeddable":true,"href":"https:\/\/www.enteratever.com\/2023\/wp-json\/wp\/v2\/categories?post=184524"},{"taxonomy":"post_tag","embeddable":true,"href":"https:\/\/www.enteratever.com\/2023\/wp-json\/wp\/v2\/tags?post=184524"}],"curies":[{"name":"wp","href":"https:\/\/api.w.org\/{rel}","templated":true}]}}