{"id":183493,"date":"1970-01-01T00:00:00","date_gmt":"1970-01-01T00:00:00","guid":{"rendered":"https:\/\/www.enteratever.com\/2023\/continua-obra-de-cine-en-papantla-pese-a-clausura\/"},"modified":"1970-01-01T00:00:00","modified_gmt":"1970-01-01T00:00:00","slug":"continua-obra-de-cine-en-papantla-pese-a-clausura","status":"publish","type":"post","link":"https:\/\/www.enteratever.com\/2023\/1970\/01\/01\/continua-obra-de-cine-en-papantla-pese-a-clausura\/","title":{"rendered":"Contin\u00faa obra de cine en Papantla, pese a clausura"},"content":{"rendered":"<p>Visitas: 7<\/p><p style=\"text-align: justify;\">A pesar de que en d\u00edas pasados la Procuradur\u00eda Estatal de Medio Ambiente de Veracruz, diera por clausurada la construcci\u00f3n de lo que sera una sala m\u00e1s de conocida cadena, por no cumplir con permisos de impacto ambiental de la ley Medio Ambiente, desde el d\u00eda 7 de noviembre los trabajos nuevamente dieron inici\u00f3.<\/p>\n<p style=\"text-align: justify;\">Los representantes legales entregaron en el ayuntamiento los oficios donde se cumple con lo estipulado por la PMA, para poder continuar con los trabajos de construcci\u00f3n.<\/p>\n<p style=\"text-align: justify;\">Cabe recalcar que por lo menos 10 d\u00edas esta obra estuvo parada, existen algunos papantecos quienes se encuentran en contra de la realizaci\u00f3n pues afirman que el cerro se puede deteriorar y puede haber una desgracia como las de 1999.<\/p>\n<p style=\"text-align: justify;\">En cambio otros habitantes agradecen la visi\u00f3n de las empresas privadas para poner un establecimiento de este giro en la ciudad, pues afirman que es de gran est\u00edmulo para las econom\u00eda local que est\u00e1s empresas inviertan en este municipio.<\/p>\n","protected":false},"excerpt":{"rendered":"<p>Visitas: 7A pesar de que en d\u00edas pasados la Procuradur\u00eda Estatal de Medio Ambiente de Veracruz, diera por clausurada la construcci\u00f3n de lo que sera una sala m\u00e1s de conocida cadena, por no cumplir con permisos de impacto ambiental de la ley Medio Ambiente, desde el d\u00eda 7 de noviembre los trabajos nuevamente dieron inici\u00f3. [&hellip;]<\/p>\n","protected":false},"author":3,"featured_media":0,"comment_status":"open","ping_status":"open","sticky":false,"template":"","format":"standard","meta":{"footnotes":""},"categories":[215],"tags":[],"class_list":{"0":"post-183493","1":"post","2":"type-post","3":"status-publish","4":"format-standard","6":"category-papantla"},"nelio_content":{"isAutoShareEnabled":true,"autoShareEndMode":"never","automationSources":{"useCustomSentences":false,"customSentences":[]},"followers":[],"suggestedReferences":[],"efiUrl":"","efiAlt":"","highlights":[],"permalinkQueryArgs":[],"series":[]},"_links":{"self":[{"href":"https:\/\/www.enteratever.com\/2023\/wp-json\/wp\/v2\/posts\/183493","targetHints":{"allow":["GET"]}}],"collection":[{"href":"https:\/\/www.enteratever.com\/2023\/wp-json\/wp\/v2\/posts"}],"about":[{"href":"https:\/\/www.enteratever.com\/2023\/wp-json\/wp\/v2\/types\/post"}],"author":[{"embeddable":true,"href":"https:\/\/www.enteratever.com\/2023\/wp-json\/wp\/v2\/users\/3"}],"replies":[{"embeddable":true,"href":"https:\/\/www.enteratever.com\/2023\/wp-json\/wp\/v2\/comments?post=183493"}],"version-history":[{"count":0,"href":"https:\/\/www.enteratever.com\/2023\/wp-json\/wp\/v2\/posts\/183493\/revisions"}],"wp:attachment":[{"href":"https:\/\/www.enteratever.com\/2023\/wp-json\/wp\/v2\/media?parent=183493"}],"wp:term":[{"taxonomy":"category","embeddable":true,"href":"https:\/\/www.enteratever.com\/2023\/wp-json\/wp\/v2\/categories?post=183493"},{"taxonomy":"post_tag","embeddable":true,"href":"https:\/\/www.enteratever.com\/2023\/wp-json\/wp\/v2\/tags?post=183493"}],"curies":[{"name":"wp","href":"https:\/\/api.w.org\/{rel}","templated":true}]}}