{"id":182441,"date":"2019-03-25T21:39:03","date_gmt":"2019-03-25T21:39:03","guid":{"rendered":"https:\/\/www.enteratever.com\/2023\/cumbre-tajin-estuvo-vacio-los-dos-primeros-dias-hoteleros\/"},"modified":"2019-03-25T21:39:03","modified_gmt":"2019-03-25T21:39:03","slug":"cumbre-tajin-estuvo-vacio-los-dos-primeros-dias-hoteleros","status":"publish","type":"post","link":"https:\/\/www.enteratever.com\/2023\/2019\/03\/25\/cumbre-tajin-estuvo-vacio-los-dos-primeros-dias-hoteleros\/","title":{"rendered":"Cumbre Taj\u00edn estuvo vac\u00edo los dos primeros d\u00edas: hoteleros"},"content":{"rendered":"<p>Visitas: 4<\/p><p style=\"text-align: justify;\">Hoteleros de la zona norte reconocen que los dos primero d\u00edas del festival Cumbre Taj\u00edn el parque tem\u00e1tico saci\u00f3 vac\u00edo, as\u00ed lo dio a conocer Cecilia Urresti Villegas, Presidenta de la asociaci\u00f3n de hoteles, moteles y prestadores de servicios tur\u00edsticos de la regi\u00f3n totonaca de Veracruz.<\/p>\n<p style=\"text-align: justify;\">Mencion\u00f3 que los integrantes de la asociaci\u00f3n est\u00e1n proporcionando la informaci\u00f3n sobre su ocupaci\u00f3n hotelera, de acuerdo con esto se sacar\u00e1 el c\u00e1lculo de la ocupaci\u00f3n que tuvieron en esta edici\u00f3n del festival.<\/p>\n<p style=\"text-align: justify;\">Reconoci\u00f3 que comparado con a\u00f1os anteriores, fue baja la afluencia de visitantes al parque tem\u00e1tico Takilhsukut, fue hasta el tercer d\u00eda cuando se observ\u00f3 un mayor movimiento.<\/p>\n<p style=\"text-align: justify;\">A\u00f1adi\u00f3 que se espera que el d\u00eda martes 26 de marzo ya cuenten con la cifras reales y el balance de c\u00f3mo les fue a los prestadores de servicios durante el festival. Cabe hacer menci\u00f3n que el gobierno del estado reporta una ocupaci\u00f3n hotelera 100% en Papantla y 85 por ciento en Poza Rica.<\/p>\n<p style=\"text-align: justify;\">Es importante hacer menci\u00f3n la titular de SECTUR, Xochitl Arbes\u00fa Lago reconoci\u00f3 que hubo d\u00edas con cinco mil personas y otros de hasta 70 mil, ser\u00e1 en los pr\u00f3ximos d\u00edas cuando se den a conocer las cifras reales, aunque es un hecho que no se logr\u00f3 la meta de 400 mil visitantes que se esperaban arribaran del 20 al 24 de marzo al festival.<\/p>\n","protected":false},"excerpt":{"rendered":"<p>Visitas: 4Hoteleros de la zona norte reconocen que los dos primero d\u00edas del festival Cumbre Taj\u00edn el parque tem\u00e1tico saci\u00f3 vac\u00edo, as\u00ed lo dio a conocer Cecilia Urresti Villegas, Presidenta de la asociaci\u00f3n de hoteles, moteles y prestadores de servicios tur\u00edsticos de la regi\u00f3n totonaca de Veracruz. Mencion\u00f3 que los integrantes de la asociaci\u00f3n est\u00e1n [&hellip;]<\/p>\n","protected":false},"author":6,"featured_media":182442,"comment_status":"open","ping_status":"open","sticky":false,"template":"","format":"standard","meta":{"footnotes":""},"categories":[215],"tags":[],"class_list":{"0":"post-182441","1":"post","2":"type-post","3":"status-publish","4":"format-standard","5":"has-post-thumbnail","7":"category-papantla"},"nelio_content":{"isAutoShareEnabled":true,"autoShareEndMode":"never","automationSources":{"useCustomSentences":false,"customSentences":[]},"followers":[],"suggestedReferences":[],"efiUrl":"","efiAlt":"","highlights":[],"permalinkQueryArgs":[],"series":[]},"_links":{"self":[{"href":"https:\/\/www.enteratever.com\/2023\/wp-json\/wp\/v2\/posts\/182441","targetHints":{"allow":["GET"]}}],"collection":[{"href":"https:\/\/www.enteratever.com\/2023\/wp-json\/wp\/v2\/posts"}],"about":[{"href":"https:\/\/www.enteratever.com\/2023\/wp-json\/wp\/v2\/types\/post"}],"author":[{"embeddable":true,"href":"https:\/\/www.enteratever.com\/2023\/wp-json\/wp\/v2\/users\/6"}],"replies":[{"embeddable":true,"href":"https:\/\/www.enteratever.com\/2023\/wp-json\/wp\/v2\/comments?post=182441"}],"version-history":[{"count":0,"href":"https:\/\/www.enteratever.com\/2023\/wp-json\/wp\/v2\/posts\/182441\/revisions"}],"wp:featuredmedia":[{"embeddable":true,"href":"https:\/\/www.enteratever.com\/2023\/wp-json\/wp\/v2\/media\/182442"}],"wp:attachment":[{"href":"https:\/\/www.enteratever.com\/2023\/wp-json\/wp\/v2\/media?parent=182441"}],"wp:term":[{"taxonomy":"category","embeddable":true,"href":"https:\/\/www.enteratever.com\/2023\/wp-json\/wp\/v2\/categories?post=182441"},{"taxonomy":"post_tag","embeddable":true,"href":"https:\/\/www.enteratever.com\/2023\/wp-json\/wp\/v2\/tags?post=182441"}],"curies":[{"name":"wp","href":"https:\/\/api.w.org\/{rel}","templated":true}]}}