{"id":181172,"date":"2018-03-21T23:44:20","date_gmt":"2018-03-21T23:44:20","guid":{"rendered":"https:\/\/www.enteratever.com\/2023\/festival-cumbre-tajin-2018-dejo-a-los-turistas-con-ganas-de-regresar\/"},"modified":"2018-03-21T23:44:20","modified_gmt":"2018-03-21T23:44:20","slug":"festival-cumbre-tajin-2018-dejo-a-los-turistas-con-ganas-de-regresar","status":"publish","type":"post","link":"https:\/\/www.enteratever.com\/2023\/2018\/03\/21\/festival-cumbre-tajin-2018-dejo-a-los-turistas-con-ganas-de-regresar\/","title":{"rendered":"Festival Cumbre Taj\u00edn 2018 dej\u00f3 a los turistas con ganas de regresar"},"content":{"rendered":"<p>Visitas: 1<\/p><p style=\"text-align: justify;\"><strong>Por: Pablo Espidio | Enteratever.com<\/strong><\/p>\n<p style=\"text-align: justify;\">Turistas se sienten satisfechos con la organizaci\u00f3n y con todo lo que el Festival Cumbre Taj\u00edn ofreci\u00f3 al p\u00fablico durante cinco d\u00edas, el se\u00f1or Rafael Moncayo coment\u00f3 que le gustar\u00eda que el Festival durar\u00e1 m\u00e1s tiempo.<\/p>\n<p style=\"text-align: justify;\">Durante los cinco d\u00edas que dur\u00f3 el festival los asistentes pudieron disfrutar de talleres, conciertos, cuentacuentos y pudieron conocer la cultura del Totonacapan.<\/p>\n<p style=\"text-align: justify;\">Ver\u00f3nica Fern\u00e1ndez quien viene del Puerto de Veracruz mencion\u00f3 que el festival fue muy interesante porque les permiten conocer las costumbres y tradiciones de las totonacas.<\/p>\n<p style=\"text-align: justify;\">\u00abEs la primera vez que vengo a Cumbre Taj\u00edn y espero poder volver el pr\u00f3ximo a\u00f1o, me llevo bonitos recuerdos de este lugar\u00bb argument\u00f3.<\/p>\n<p style=\"text-align: justify;\">A Pesar de que es el \u00faltimo d\u00eda del Festival Cumbre Taj\u00edn mucha gente asisti\u00f3 a las actividades y al concierto de Emmanuel y Mijares.<\/p>\n","protected":false},"excerpt":{"rendered":"<p>Visitas: 1Por: Pablo Espidio | Enteratever.com Turistas se sienten satisfechos con la organizaci\u00f3n y con todo lo que el Festival Cumbre Taj\u00edn ofreci\u00f3 al p\u00fablico durante cinco d\u00edas, el se\u00f1or Rafael Moncayo coment\u00f3 que le gustar\u00eda que el Festival durar\u00e1 m\u00e1s tiempo. Durante los cinco d\u00edas que dur\u00f3 el festival los asistentes pudieron disfrutar de [&hellip;]<\/p>\n","protected":false},"author":4,"featured_media":181173,"comment_status":"open","ping_status":"open","sticky":false,"template":"","format":"standard","meta":{"footnotes":""},"categories":[299,215],"tags":[],"class_list":{"0":"post-181172","1":"post","2":"type-post","3":"status-publish","4":"format-standard","5":"has-post-thumbnail","7":"category-notas-locales","8":"category-papantla"},"nelio_content":{"isAutoShareEnabled":true,"autoShareEndMode":"never","automationSources":{"useCustomSentences":false,"customSentences":[]},"followers":[],"suggestedReferences":[],"efiUrl":"","efiAlt":"","highlights":[],"permalinkQueryArgs":[],"series":[]},"_links":{"self":[{"href":"https:\/\/www.enteratever.com\/2023\/wp-json\/wp\/v2\/posts\/181172","targetHints":{"allow":["GET"]}}],"collection":[{"href":"https:\/\/www.enteratever.com\/2023\/wp-json\/wp\/v2\/posts"}],"about":[{"href":"https:\/\/www.enteratever.com\/2023\/wp-json\/wp\/v2\/types\/post"}],"author":[{"embeddable":true,"href":"https:\/\/www.enteratever.com\/2023\/wp-json\/wp\/v2\/users\/4"}],"replies":[{"embeddable":true,"href":"https:\/\/www.enteratever.com\/2023\/wp-json\/wp\/v2\/comments?post=181172"}],"version-history":[{"count":0,"href":"https:\/\/www.enteratever.com\/2023\/wp-json\/wp\/v2\/posts\/181172\/revisions"}],"wp:featuredmedia":[{"embeddable":true,"href":"https:\/\/www.enteratever.com\/2023\/wp-json\/wp\/v2\/media\/181173"}],"wp:attachment":[{"href":"https:\/\/www.enteratever.com\/2023\/wp-json\/wp\/v2\/media?parent=181172"}],"wp:term":[{"taxonomy":"category","embeddable":true,"href":"https:\/\/www.enteratever.com\/2023\/wp-json\/wp\/v2\/categories?post=181172"},{"taxonomy":"post_tag","embeddable":true,"href":"https:\/\/www.enteratever.com\/2023\/wp-json\/wp\/v2\/tags?post=181172"}],"curies":[{"name":"wp","href":"https:\/\/api.w.org\/{rel}","templated":true}]}}