{"id":181110,"date":"2018-03-17T22:52:58","date_gmt":"2018-03-17T22:52:58","guid":{"rendered":"https:\/\/www.enteratever.com\/2023\/bajas-ventas-en-cumbre-tajin-reportan-comerciantes\/"},"modified":"2018-03-17T22:52:58","modified_gmt":"2018-03-17T22:52:58","slug":"bajas-ventas-en-cumbre-tajin-reportan-comerciantes","status":"publish","type":"post","link":"https:\/\/www.enteratever.com\/2023\/2018\/03\/17\/bajas-ventas-en-cumbre-tajin-reportan-comerciantes\/","title":{"rendered":"Bajas ventas en Cumbre Taj\u00edn reportan comerciantes"},"content":{"rendered":"<p>Visitas: 3<\/p><p style=\"text-align: justify;\"><strong>Por: Pablo Espidio | Enteratever.com<\/strong><\/p>\n<p style=\"text-align: justify;\">Bajas ventas para los comerciantes que se encuentran afuera del Parque Tem\u00e1tico Takilhsukut, sin embargo, ellos comentan que el Gobierno Municipal de Papantla est\u00e1 cobrando lo que quiere.<\/p>\n<p style=\"text-align: justify;\">Malidia M\u00e9ndez, comerciante, mencion\u00f3 que las cuotas las tendr\u00e1n que pagarla todos los d\u00edas y el precio de esta estar\u00e1n variando dependiendo de c\u00f3mo este la venta durante los pr\u00f3ximos d\u00edas, tambi\u00e9n se\u00f1alo que durante el primer d\u00eda del festival la cuota fue de 50 pesos, ya que las ventas se encontraron flojas.<\/p>\n<p style=\"text-align: justify;\">\u201cLas cuotas posiblemente estar\u00e1n aumentando por d\u00eda, hoy que es segundo d\u00eda de Cumbre aproximadamente nos van a cobrar de 100 a 150, pero no nos han dicho nada\u201d, exclam\u00f3, Malidia M\u00e9ndez, comerciante de sombreros.<\/p>\n<p style=\"text-align: justify;\">Los comerciantes que desde muy temprano se encuentran afuera del parque dijeron que las ventas hasta el momento est\u00e1n muy bajas y que esperan que en el transcurso del d\u00eda estas aumenten ya que este es su fuente de ingresos.<\/p>\n<p style=\"text-align: justify;\">\u201cLas ventas durante estos d\u00edas han estado muy bajas, ya que a comparaci\u00f3n de a\u00f1os pasados sol\u00eda vender m\u00e1s, esperemos que durante los pr\u00f3ximos tres d\u00edas que faltan las ventas aumente\u201d argumento Juan comerciante de sobreros.<\/p>\n<p style=\"text-align: justify;\">Al igual Rigoberto Morales Garc\u00eda, vendedor de aguas, dijo que mucha de las personas de las que asisten al Festival piensan que dentro del parque tem\u00e1tico los precios de los productos son los mismos pero no es as\u00ed, ya que dentro de este los productos suelen costar hasta lo doble de lo que ellos los venden.<\/p>\n<p style=\"text-align: justify;\">Por \u00faltimo los comerciantes invitan a los asistentes a Cumbre Taj\u00edn a que los visiten y pregunten por el precio de los productos, para que vean que sus precios son accesibles a comparaci\u00f3n de los precios que est\u00e1n manejando adentro del Parque Tem\u00e1tico.<\/p>\n","protected":false},"excerpt":{"rendered":"<p>Visitas: 3Por: Pablo Espidio | Enteratever.com Bajas ventas para los comerciantes que se encuentran afuera del Parque Tem\u00e1tico Takilhsukut, sin embargo, ellos comentan que el Gobierno Municipal de Papantla est\u00e1 cobrando lo que quiere. Malidia M\u00e9ndez, comerciante, mencion\u00f3 que las cuotas las tendr\u00e1n que pagarla todos los d\u00edas y el precio de esta estar\u00e1n variando [&hellip;]<\/p>\n","protected":false},"author":4,"featured_media":181111,"comment_status":"open","ping_status":"open","sticky":false,"template":"","format":"standard","meta":{"footnotes":""},"categories":[299,215],"tags":[],"class_list":{"0":"post-181110","1":"post","2":"type-post","3":"status-publish","4":"format-standard","5":"has-post-thumbnail","7":"category-notas-locales","8":"category-papantla"},"nelio_content":{"isAutoShareEnabled":true,"autoShareEndMode":"never","automationSources":{"useCustomSentences":false,"customSentences":[]},"followers":[],"suggestedReferences":[],"efiUrl":"","efiAlt":"","highlights":[],"permalinkQueryArgs":[],"series":[]},"_links":{"self":[{"href":"https:\/\/www.enteratever.com\/2023\/wp-json\/wp\/v2\/posts\/181110","targetHints":{"allow":["GET"]}}],"collection":[{"href":"https:\/\/www.enteratever.com\/2023\/wp-json\/wp\/v2\/posts"}],"about":[{"href":"https:\/\/www.enteratever.com\/2023\/wp-json\/wp\/v2\/types\/post"}],"author":[{"embeddable":true,"href":"https:\/\/www.enteratever.com\/2023\/wp-json\/wp\/v2\/users\/4"}],"replies":[{"embeddable":true,"href":"https:\/\/www.enteratever.com\/2023\/wp-json\/wp\/v2\/comments?post=181110"}],"version-history":[{"count":0,"href":"https:\/\/www.enteratever.com\/2023\/wp-json\/wp\/v2\/posts\/181110\/revisions"}],"wp:featuredmedia":[{"embeddable":true,"href":"https:\/\/www.enteratever.com\/2023\/wp-json\/wp\/v2\/media\/181111"}],"wp:attachment":[{"href":"https:\/\/www.enteratever.com\/2023\/wp-json\/wp\/v2\/media?parent=181110"}],"wp:term":[{"taxonomy":"category","embeddable":true,"href":"https:\/\/www.enteratever.com\/2023\/wp-json\/wp\/v2\/categories?post=181110"},{"taxonomy":"post_tag","embeddable":true,"href":"https:\/\/www.enteratever.com\/2023\/wp-json\/wp\/v2\/tags?post=181110"}],"curies":[{"name":"wp","href":"https:\/\/api.w.org\/{rel}","templated":true}]}}