{"id":181102,"date":"2018-03-17T03:43:37","date_gmt":"2018-03-17T03:43:37","guid":{"rendered":"https:\/\/www.enteratever.com\/2023\/san-pascualito-rey-en-cumbre-tajin\/"},"modified":"2018-03-17T03:43:37","modified_gmt":"2018-03-17T03:43:37","slug":"san-pascualito-rey-en-cumbre-tajin","status":"publish","type":"post","link":"https:\/\/www.enteratever.com\/2023\/2018\/03\/17\/san-pascualito-rey-en-cumbre-tajin\/","title":{"rendered":"San Pascualito Rey en Cumbre Taj\u00edn"},"content":{"rendered":"<p>Visitas: 1<\/p><p style=\"text-align: justify;\"><strong>Por: Pablo Espidio | Enteratever.com<\/strong><\/p>\n<p style=\"text-align: justify;\">Como parte de las actividades que se est\u00e1n realizando durante el <strong>Festival Cumbre Taj\u00edn<\/strong> los integrantes de la banda de rock <strong>\u201cSan Pascualito Rey\u201d<\/strong> comentaron que se sienten muy contentos de formar parte de un evento como lo es <strong>Cumbre Taj\u00edn<\/strong>.<\/p>\n<p style=\"text-align: justify;\">Durante una rueda de prensa que dieron en <strong>\u201cNicho de la UV\u201d<\/strong> hablaron sobre su participaci\u00f3n en el festival y de lo que estar\u00e1n presentando en la noche en que se estar\u00e1n realizando los primeros conciertos.<\/p>\n<p style=\"text-align: justify;\">\u201cNo solo estaremos cantando sino que realizaremos una presentaci\u00f3n audiovisual, lo cual es algo que se estuvo realizando con tiempo por mi compa\u00f1ero Juan\u201d a\u00f1adi\u00f3 <strong>Alex Otaola<\/strong>.<\/p>\n<p style=\"text-align: justify;\">Los integrantes del grupo se\u00f1alaron que comenzar\u00e1n su presentaci\u00f3n con una canci\u00f3n muy especial, con la cual piensan abrir su presentaci\u00f3n en el <strong>Festival del Vive Latino<\/strong>, el cual dar\u00e1 inicio el s\u00e1bado 17 de marzo en la <strong>Ciudad de M\u00e9xico<\/strong>.<\/p>\n<p style=\"text-align: justify;\">Por \u00faltimo dijeron que esta canci\u00f3n fue hecha por <strong>Pascual<\/strong> y que su m\u00fasica transmite muchas emociones, ya que mucha gente canta, llora, grita y se divierte, lo cual es muy \u201cchido\u201d coment\u00f3 <strong>Juan integrante de la banda de rock<\/strong>.<\/p>\n","protected":false},"excerpt":{"rendered":"<p>Visitas: 1Por: Pablo Espidio | Enteratever.com Como parte de las actividades que se est\u00e1n realizando durante el Festival Cumbre Taj\u00edn los integrantes de la banda de rock \u201cSan Pascualito Rey\u201d comentaron que se sienten muy contentos de formar parte de un evento como lo es Cumbre Taj\u00edn. Durante una rueda de prensa que dieron en [&hellip;]<\/p>\n","protected":false},"author":4,"featured_media":181103,"comment_status":"open","ping_status":"open","sticky":false,"template":"","format":"standard","meta":{"footnotes":""},"categories":[299,215],"tags":[],"class_list":{"0":"post-181102","1":"post","2":"type-post","3":"status-publish","4":"format-standard","5":"has-post-thumbnail","7":"category-notas-locales","8":"category-papantla"},"nelio_content":{"isAutoShareEnabled":true,"autoShareEndMode":"never","automationSources":{"useCustomSentences":false,"customSentences":[]},"followers":[],"suggestedReferences":[],"efiUrl":"","efiAlt":"","highlights":[],"permalinkQueryArgs":[],"series":[]},"_links":{"self":[{"href":"https:\/\/www.enteratever.com\/2023\/wp-json\/wp\/v2\/posts\/181102","targetHints":{"allow":["GET"]}}],"collection":[{"href":"https:\/\/www.enteratever.com\/2023\/wp-json\/wp\/v2\/posts"}],"about":[{"href":"https:\/\/www.enteratever.com\/2023\/wp-json\/wp\/v2\/types\/post"}],"author":[{"embeddable":true,"href":"https:\/\/www.enteratever.com\/2023\/wp-json\/wp\/v2\/users\/4"}],"replies":[{"embeddable":true,"href":"https:\/\/www.enteratever.com\/2023\/wp-json\/wp\/v2\/comments?post=181102"}],"version-history":[{"count":0,"href":"https:\/\/www.enteratever.com\/2023\/wp-json\/wp\/v2\/posts\/181102\/revisions"}],"wp:featuredmedia":[{"embeddable":true,"href":"https:\/\/www.enteratever.com\/2023\/wp-json\/wp\/v2\/media\/181103"}],"wp:attachment":[{"href":"https:\/\/www.enteratever.com\/2023\/wp-json\/wp\/v2\/media?parent=181102"}],"wp:term":[{"taxonomy":"category","embeddable":true,"href":"https:\/\/www.enteratever.com\/2023\/wp-json\/wp\/v2\/categories?post=181102"},{"taxonomy":"post_tag","embeddable":true,"href":"https:\/\/www.enteratever.com\/2023\/wp-json\/wp\/v2\/tags?post=181102"}],"curies":[{"name":"wp","href":"https:\/\/api.w.org\/{rel}","templated":true}]}}