{"id":180910,"date":"2018-02-05T02:23:37","date_gmt":"2018-02-05T02:23:37","guid":{"rendered":"https:\/\/www.enteratever.com\/2023\/pri-con-medias-verdades-quieren-confundir-a-la-opinion-publica-anaya\/"},"modified":"2018-02-05T02:23:37","modified_gmt":"2018-02-05T02:23:37","slug":"pri-con-medias-verdades-quieren-confundir-a-la-opinion-publica-anaya","status":"publish","type":"post","link":"https:\/\/www.enteratever.com\/2023\/2018\/02\/05\/pri-con-medias-verdades-quieren-confundir-a-la-opinion-publica-anaya\/","title":{"rendered":"PRI con medias verdades quieren confundir a la opini\u00f3n p\u00fablica: \u200bAnaya"},"content":{"rendered":"<p>Visitas: 3<\/p><p style=\"text-align: justify;\">Ricardo Anaya de gira en la ciudad que perfuma el mundo, despu\u00e9s \u200b\u200bde casi 3 horas \u200by \u200bmedia de retraso el Precandidato a presidente de la rep\u00fablica por la colaciono \u200bPartido Acci\u00f3n Nacional (\u200bPAN\u200b)\u200b, \u200bPartido de la Revoluci\u00f3n Democr\u00e1tica (\u200bPRD\u200b)\u200b \u200by\u200b Movimiento Ciudadano \u200b(MC)\u200b arri\u200bb\u00f3\u200b\u200b\u200b al municipio vainillero\u200b.<\/p>\n<p style=\"text-align: justify;\">En entrevista indic\u00f3 que es lamentable la guerra sucia de los priistas, los cuales con medias verdades solo quieren estar confundiendo a la opini\u00f3n p\u00fablica, sin embargo se\u00f1al\u00f3 que la gente ya est\u00e1 cansada y no se va a dejar por lo que este a\u00f1o los van a mandar a volar.<\/p>\n<p style=\"text-align: justify;\">\u200bS\u200be\u00f1al\u00f3 que esto de andar contando medias verdades para confundir a los ciudadanos y ganar votos, no le beneficia a la democracia, por lo que le exige al Partido Revolucionario Institucional (PRI) que paren ya su guerra sucia y que se haga una campa\u00f1a de propuestas para lograr el cambio que el pa\u00eds necesita.<\/p>\n<p style=\"text-align: justify;\">Durante su visita a Papantla estuvo a acompa\u00f1ado de Miguel \u00c1ngel Yunes M\u00e1rquez, Precandidato a la gubernatura del estado de Veracruz con la misma coalici\u00f3n, los cuales afirman no darle un cambio solamente al estado si no al pa\u00eds entero<\/p>\n<p style=\"text-align: justify;\">\u200b \u200b\u00bbtodos los cambios requieren tiempo y estoy convencido que en este 2018 seguiremos con el cambio en el estado\u00bb mencion\u00f3 Yunes M\u00e1rquez, quien adem\u00e1s, durante su tiempo al micr\u00f3fono manifiesto cu\u00e1l era la situaci\u00f3n en la que se encontraba el estado durante los gobiernos priistas de Fidel Herrera y Javier Duarte\u200b,\u200b ex gobernadores del estado.<\/p>\n<p style=\"text-align: justify;\">Lleg\u00f3 \u200b\u200b\u200b\u200b\u200b\u200b el turno de hablar al tambi\u00e9n panista Ricardo Anaya Cortez, primeramente el precandidato dijo sentirse muy contento de estar en esta ciudad, durante el evento expus\u200bo\u200b\u200b que este proyecto el cual encabeza va con determinaci\u00f3n, fuerza, coraje y esperanza.<\/p>\n<p style=\"text-align: justify;\">As\u00ed mismo dijo estar muy convencido de obtener el triunfo en las pr\u00f3ximas elecciones de una manera contundente, explico que Veracruz es fundamental en el cambio que argumenta \u00e9l se va a lograr en el pa\u00eds el pr\u00f3ximo \u200b1 \u200bde ju\u200bl\u200bio.<\/p>\n","protected":false},"excerpt":{"rendered":"<p>\u00a1Paren ya su guerra sucia!\u200b\u200b<\/p>\n","protected":false},"author":3,"featured_media":180911,"comment_status":"open","ping_status":"open","sticky":false,"template":"","format":"standard","meta":{"footnotes":""},"categories":[215],"tags":[],"class_list":{"0":"post-180910","1":"post","2":"type-post","3":"status-publish","4":"format-standard","5":"has-post-thumbnail","7":"category-papantla"},"nelio_content":{"isAutoShareEnabled":true,"autoShareEndMode":"never","automationSources":{"useCustomSentences":false,"customSentences":[]},"followers":[],"suggestedReferences":[],"efiUrl":"","efiAlt":"","highlights":[],"permalinkQueryArgs":[],"series":[]},"_links":{"self":[{"href":"https:\/\/www.enteratever.com\/2023\/wp-json\/wp\/v2\/posts\/180910","targetHints":{"allow":["GET"]}}],"collection":[{"href":"https:\/\/www.enteratever.com\/2023\/wp-json\/wp\/v2\/posts"}],"about":[{"href":"https:\/\/www.enteratever.com\/2023\/wp-json\/wp\/v2\/types\/post"}],"author":[{"embeddable":true,"href":"https:\/\/www.enteratever.com\/2023\/wp-json\/wp\/v2\/users\/3"}],"replies":[{"embeddable":true,"href":"https:\/\/www.enteratever.com\/2023\/wp-json\/wp\/v2\/comments?post=180910"}],"version-history":[{"count":0,"href":"https:\/\/www.enteratever.com\/2023\/wp-json\/wp\/v2\/posts\/180910\/revisions"}],"wp:featuredmedia":[{"embeddable":true,"href":"https:\/\/www.enteratever.com\/2023\/wp-json\/wp\/v2\/media\/180911"}],"wp:attachment":[{"href":"https:\/\/www.enteratever.com\/2023\/wp-json\/wp\/v2\/media?parent=180910"}],"wp:term":[{"taxonomy":"category","embeddable":true,"href":"https:\/\/www.enteratever.com\/2023\/wp-json\/wp\/v2\/categories?post=180910"},{"taxonomy":"post_tag","embeddable":true,"href":"https:\/\/www.enteratever.com\/2023\/wp-json\/wp\/v2\/tags?post=180910"}],"curies":[{"name":"wp","href":"https:\/\/api.w.org\/{rel}","templated":true}]}}