{"id":180895,"date":"2018-02-01T15:00:56","date_gmt":"2018-02-01T15:00:56","guid":{"rendered":"https:\/\/www.enteratever.com\/2023\/ninos-y-jovenes-los-que-mas-leer-en-el-paralibros-de-papantla\/"},"modified":"2018-02-01T15:00:56","modified_gmt":"2018-02-01T15:00:56","slug":"ninos-y-jovenes-los-que-mas-leer-en-el-paralibros-de-papantla","status":"publish","type":"post","link":"https:\/\/www.enteratever.com\/2023\/2018\/02\/01\/ninos-y-jovenes-los-que-mas-leer-en-el-paralibros-de-papantla\/","title":{"rendered":"Ni\u00f1os y j\u00f3venes los que m\u00e1s leen en el Paralibros de Papantla"},"content":{"rendered":"<p>Visitas: 3<\/p><p style=\"text-align: justify;\">Contin\u00faan los trabajos para fomentar la lectura en Papantla \u00abEl motivar a las personas para que se interesen por la lectura es un trabajo constante, como picar piedra\u00bb mencion\u00f3 en entrevista Alberto Basilio Ferral, Mediador de lectura y encardo del Paralibros en el municipio.<\/p>\n<p style=\"text-align: justify;\">Explic\u00f3 que s\u00ed existe el inter\u00e9s por la lectura en la ciudadan\u00eda papanteca, esto se ve reflejado en la asistencia de usuarios a este espacio de lectura ubicado en el parque central de la ciudad, por lo que es algo que se le debe dar mayor realce, esto de la mano de las autoridades municipales.<\/p>\n<p style=\"text-align: justify;\">Dijo que los j\u00f3venes y ni\u00f1os son los m\u00e1s involucrados en este tipo de asuntos por lo que se reforzara la fomentaci\u00f3n principalmente con ellos la importancia de tener el h\u00e1bito de la lectura en la vida cotidiana.<\/p>\n<p style=\"text-align: justify;\">En cuanto al acervo de libros manifest\u00f3 que existen usuarios los cuales ya no regresan los ejemplares, por lo que su n\u00famero de obras a veces disminuye, que esto sucede debido a que muchas veces cambian de domicilio y es imposible localizarlos.<\/p>\n<p style=\"text-align: justify;\">Para finalizar, dijo que en pr\u00f3ximas fechas se espera que llegue m\u00e1s obras, esto ayudar\u00e1 a que el acervo crezca, invit\u00f3 a la poblaci\u00f3n a sumarse al d\u00eda viernes dos de febrero a sumarse a la ponencia de \u00abCiencia Ficci\u00f3n en Autores Mexicanos\u00bb a cargo de Agust\u00edn Gerola, ponente del Instituto Veracruzano de la Cultura (IVEC).<\/p>\n","protected":false},"excerpt":{"rendered":"<p>Visitas: 3Contin\u00faan los trabajos para fomentar la lectura en Papantla \u00abEl motivar a las personas para que se interesen por la lectura es un trabajo constante, como picar piedra\u00bb mencion\u00f3 en entrevista Alberto Basilio Ferral, Mediador de lectura y encardo del Paralibros en el municipio. Explic\u00f3 que s\u00ed existe el inter\u00e9s por la lectura en [&hellip;]<\/p>\n","protected":false},"author":3,"featured_media":180896,"comment_status":"open","ping_status":"open","sticky":false,"template":"","format":"standard","meta":{"footnotes":""},"categories":[215],"tags":[],"class_list":{"0":"post-180895","1":"post","2":"type-post","3":"status-publish","4":"format-standard","5":"has-post-thumbnail","7":"category-papantla"},"nelio_content":{"isAutoShareEnabled":true,"autoShareEndMode":"never","automationSources":{"useCustomSentences":false,"customSentences":[]},"followers":[],"suggestedReferences":[],"efiUrl":"","efiAlt":"","highlights":[],"permalinkQueryArgs":[],"series":[]},"_links":{"self":[{"href":"https:\/\/www.enteratever.com\/2023\/wp-json\/wp\/v2\/posts\/180895","targetHints":{"allow":["GET"]}}],"collection":[{"href":"https:\/\/www.enteratever.com\/2023\/wp-json\/wp\/v2\/posts"}],"about":[{"href":"https:\/\/www.enteratever.com\/2023\/wp-json\/wp\/v2\/types\/post"}],"author":[{"embeddable":true,"href":"https:\/\/www.enteratever.com\/2023\/wp-json\/wp\/v2\/users\/3"}],"replies":[{"embeddable":true,"href":"https:\/\/www.enteratever.com\/2023\/wp-json\/wp\/v2\/comments?post=180895"}],"version-history":[{"count":0,"href":"https:\/\/www.enteratever.com\/2023\/wp-json\/wp\/v2\/posts\/180895\/revisions"}],"wp:featuredmedia":[{"embeddable":true,"href":"https:\/\/www.enteratever.com\/2023\/wp-json\/wp\/v2\/media\/180896"}],"wp:attachment":[{"href":"https:\/\/www.enteratever.com\/2023\/wp-json\/wp\/v2\/media?parent=180895"}],"wp:term":[{"taxonomy":"category","embeddable":true,"href":"https:\/\/www.enteratever.com\/2023\/wp-json\/wp\/v2\/categories?post=180895"},{"taxonomy":"post_tag","embeddable":true,"href":"https:\/\/www.enteratever.com\/2023\/wp-json\/wp\/v2\/tags?post=180895"}],"curies":[{"name":"wp","href":"https:\/\/api.w.org\/{rel}","templated":true}]}}