{"id":180783,"date":"2022-05-09T01:14:36","date_gmt":"2022-05-09T01:14:36","guid":{"rendered":"https:\/\/www.enteratever.com\/2023\/tihuatlan-contara-con-banco-del-bienestar-en-cabecera-municipal\/"},"modified":"2022-05-09T01:14:36","modified_gmt":"2022-05-09T01:14:36","slug":"tihuatlan-contara-con-banco-del-bienestar-en-cabecera-municipal","status":"publish","type":"post","link":"https:\/\/www.enteratever.com\/2023\/2022\/05\/09\/tihuatlan-contara-con-banco-del-bienestar-en-cabecera-municipal\/","title":{"rendered":"Tihuatl\u00e1n contar\u00e1 con banco del bienestar en cabecera municipal"},"content":{"rendered":"<p>Visitas: 55<\/p>\n<p>A fin de seguir acercando los servicios a la poblaci\u00f3n, el delegado regional de programas sociales del bienestar, personal de las fuerzas armadas y el alcalde del municipio de Tihuatl\u00e1n, Leobardo G\u00f3mez Gonz\u00e1lez, firmaron el convenio de colaboraci\u00f3n para la creaci\u00f3n de un banco de bienestar en la cabecera municipal.<\/p>\n\n\n\n<p>Al respecto, Emilio Olvera Andrade, delegado regional de Programas Sociales del Bienestar, dijo que el objetivo de esto es que la gente no tenga que trasladarse tan lejos para poder cobrar sus apoyos o realizar alg\u00fan tramite en el banco de bienestar, es por eso que se hicieron las gestiones necesarias para poner en marcha una segunda sucursal.<\/p>\n\n\n\n<p>Recod\u00f3 que se instal\u00f3 uno en la localidad de Plan de Ayala, pero para las personas de la cabecera municipal y algunas otras comunidades se encuentra retirado, es por eso que se propuso al alcalde que se buscar\u00e1 un terreno para que se pudiera construir uno en la cabecera municipal y este estuviera m\u00e1s c\u00e9ntrico.<\/p>\n\n\n\n<p>Destac\u00f3 que en poco tiempo se comenzar\u00e1n los trabajos en la construcci\u00f3n del banco, el cual estar\u00e1 ubicado en la unidad deportiva, pues consideraron que es un lugar c\u00e9ntrico y que la gente del municipio sabe llegar a este punto.<\/p>\n\n\n\n<p>Cabe destacar que en d\u00edas pasado se llev\u00f3 a cabo la firma para la creaci\u00f3n de un segundo banco en el municipio de Poza Rica, por lo que asegur\u00f3 que esto es para acercar los servicios y evitar que la poblaci\u00f3n tenga que trasladarse a puntos que le queden alejados de colonia, comunidad o de su mismo municipio.<\/p>\n\n\n\n<figure class=\"wp-block-gallery columns-1 wp-block-gallery-1 is-layout-flex wp-block-gallery-is-layout-flex\"><ul class=\"blocks-gallery-grid\"><li class=\"blocks-gallery-item\"><figure><img decoding=\"async\" src=\"https:\/\/www.enteratever.com\/2020\/wp-content\/uploads\/2022\/05\/WhatsApp-Image-2022-05-08-at-3.06.03-P.jpeg\" alt=\"\" data-id=\"68939\" data-full-url=\"https:\/\/www.enteratever.com\/2020\/wp-content\/uploads\/2022\/05\/WhatsApp-Image-2022-05-08-at-3.06.03-P.jpeg\" data-link=\"https:\/\/www.enteratever.com\/?attachment_id=68939\" class=\"wp-image-68939\"\/><\/figure><\/li><li class=\"blocks-gallery-item\"><figure><img decoding=\"async\" src=\"https:\/\/www.enteratever.com\/2020\/wp-content\/uploads\/2022\/05\/WhatsApp-Image-2022-05-08-at-3.06.03-PM.jpeg\" alt=\"\" data-id=\"68940\" data-full-url=\"https:\/\/www.enteratever.com\/2020\/wp-content\/uploads\/2022\/05\/WhatsApp-Image-2022-05-08-at-3.06.03-PM.jpeg\" data-link=\"https:\/\/www.enteratever.com\/?attachment_id=68940\" class=\"wp-image-68940\"\/><\/figure><\/li><li class=\"blocks-gallery-item\"><figure><img decoding=\"async\" src=\"https:\/\/www.enteratever.com\/2020\/wp-content\/uploads\/2022\/05\/WhatsApp-Image-2022-05-08-at-3.06.04-PM.jpeg\" alt=\"\" data-id=\"68941\" data-full-url=\"https:\/\/www.enteratever.com\/2020\/wp-content\/uploads\/2022\/05\/WhatsApp-Image-2022-05-08-at-3.06.04-PM.jpeg\" data-link=\"https:\/\/www.enteratever.com\/?attachment_id=68941\" class=\"wp-image-68941\"\/><\/figure><\/li><\/ul><\/figure>\n","protected":false},"excerpt":{"rendered":"<p>Visitas: 55 A fin de seguir acercando los servicios a la poblaci\u00f3n, el delegado regional de programas sociales del bienestar, personal de las fuerzas armadas y el alcalde del municipio de Tihuatl\u00e1n, Leobardo G\u00f3mez Gonz\u00e1lez, firmaron el convenio de colaboraci\u00f3n para la creaci\u00f3n de un banco de bienestar en la cabecera municipal. Al respecto, Emilio [&hellip;]<\/p>\n","protected":false},"author":4,"featured_media":180784,"comment_status":"open","ping_status":"open","sticky":false,"template":"","format":"standard","meta":{"footnotes":""},"categories":[217],"tags":[],"class_list":{"0":"post-180783","1":"post","2":"type-post","3":"status-publish","4":"format-standard","5":"has-post-thumbnail","7":"category-tihuatlan"},"nelio_content":{"isAutoShareEnabled":true,"autoShareEndMode":"never","automationSources":{"useCustomSentences":false,"customSentences":[]},"followers":[],"suggestedReferences":[],"efiUrl":"","efiAlt":"","highlights":[],"permalinkQueryArgs":[],"series":[]},"_links":{"self":[{"href":"https:\/\/www.enteratever.com\/2023\/wp-json\/wp\/v2\/posts\/180783","targetHints":{"allow":["GET"]}}],"collection":[{"href":"https:\/\/www.enteratever.com\/2023\/wp-json\/wp\/v2\/posts"}],"about":[{"href":"https:\/\/www.enteratever.com\/2023\/wp-json\/wp\/v2\/types\/post"}],"author":[{"embeddable":true,"href":"https:\/\/www.enteratever.com\/2023\/wp-json\/wp\/v2\/users\/4"}],"replies":[{"embeddable":true,"href":"https:\/\/www.enteratever.com\/2023\/wp-json\/wp\/v2\/comments?post=180783"}],"version-history":[{"count":0,"href":"https:\/\/www.enteratever.com\/2023\/wp-json\/wp\/v2\/posts\/180783\/revisions"}],"wp:featuredmedia":[{"embeddable":true,"href":"https:\/\/www.enteratever.com\/2023\/wp-json\/wp\/v2\/media\/180784"}],"wp:attachment":[{"href":"https:\/\/www.enteratever.com\/2023\/wp-json\/wp\/v2\/media?parent=180783"}],"wp:term":[{"taxonomy":"category","embeddable":true,"href":"https:\/\/www.enteratever.com\/2023\/wp-json\/wp\/v2\/categories?post=180783"},{"taxonomy":"post_tag","embeddable":true,"href":"https:\/\/www.enteratever.com\/2023\/wp-json\/wp\/v2\/tags?post=180783"}],"curies":[{"name":"wp","href":"https:\/\/api.w.org\/{rel}","templated":true}]}}