{"id":180773,"date":"2021-09-30T23:48:41","date_gmt":"2021-09-30T23:48:41","guid":{"rendered":"https:\/\/www.enteratever.com\/2023\/anuncian-jornada-de-vacunacion-para-los-jovenes-de-18-y-mas-en-tihuatlan\/"},"modified":"2021-09-30T23:48:41","modified_gmt":"2021-09-30T23:48:41","slug":"anuncian-jornada-de-vacunacion-para-los-jovenes-de-18-y-mas-en-tihuatlan","status":"publish","type":"post","link":"https:\/\/www.enteratever.com\/2023\/2021\/09\/30\/anuncian-jornada-de-vacunacion-para-los-jovenes-de-18-y-mas-en-tihuatlan\/","title":{"rendered":"Anuncian jornada de vacunaci\u00f3n para los j\u00f3venes de 18 y m\u00e1s en Tihuatl\u00e1n"},"content":{"rendered":"<p>Visitas: 2<\/p>\n<p>\u2022 Del 4 al 7 de octubre se llevar\u00e1 la jornada de vacunaci\u00f3n.<\/p>\n\n\n\n<p>Del cuatro al siete de octubre se estar\u00e1 llevando a cabo la primera dosis de la vacuna anti covid para los j\u00f3venes de 18 a\u00f1os y m\u00e1s del municipio de Tihuatl\u00e1n, por los j\u00f3venes de este rango de edad deber\u00e1n de acudir a las instalaciones de la escuela primaria Jos\u00e9 Mar\u00eda Morelos y Pav\u00f3n.<\/p>\n\n\n\n<p>A trav\u00e9s de redes sociales Emilio Olvera Andrade, delegado regional de Programa Sociales del Bienestar dio a conocer que todos los j\u00f3venes de este rango de edad deber\u00e1n de acudir a la escuela antes mencionada, por lo que deber\u00e1n de respetar el orden que se les asign\u00f3, esto a fin de evitar aglomeraciones de personas.<\/p>\n\n\n\n<p>Por lo que los j\u00f3venes que inicie con las iniciales de la A a la F deber\u00e1n de acudir el lunes cuatro de octubre, para el martes cinco de octubre deber\u00e1n de acudir que sus iniciales sean de la G a la M, el mi\u00e9rcoles seis de octubre de la N a la S y el jueves siete de la T a la Z.<\/p>\n\n\n\n<p>Por lo que en esta jornada de vacunaci\u00f3n solo ser\u00e1 para os j\u00f3venes del municipio de Tihuatl\u00e1n, por lo que se les pide a los ciudadanos del municipio de Coatzintla que esperen a que sea las fechas que se le asigne los d\u00edas en los que acudir\u00e1n a vacunarlos.<\/p>\n\n\n\n<p>Las personas que acudan a vacunarse deber\u00e1n llevar consigo su comprobante de la vacuna y consigo una credencial para comprobar que son de dicho municipio, en caso de provenir de otro estado deber\u00e1n de comprobar que se encuentra habitando el municipio, por lo que deber\u00e1n de llevar un comprobante de domicilio.<\/p>\n\n\n\n<p>Inform\u00f3 que las personas que por alg\u00fan motivo no recibieron la primera dosis, pueden acudir al m\u00f3dulo de vacunaci\u00f3n siempre y cuando sea una primera dosis ya que de esperar una segunda dosis deber\u00e1n de esperar a que se realice las jornadas a alas que les corresponde para recibir su segunda dosis.<\/p>\n\n\n\n<figure class=\"wp-block-gallery columns-2 is-cropped wp-block-gallery-1 is-layout-flex wp-block-gallery-is-layout-flex\"><ul class=\"blocks-gallery-grid\"><li class=\"blocks-gallery-item\"><figure><img decoding=\"async\" src=\"https:\/\/www.enteratever.com\/2020\/wp-content\/uploads\/2021\/09\/WhatsApp-Image-2021-09-30-at-17.46.24-1024x1024.jpeg\" alt=\"\" data-id=\"54989\" data-full-url=\"https:\/\/www.enteratever.com\/2020\/wp-content\/uploads\/2021\/09\/WhatsApp-Image-2021-09-30-at-17.46.24.jpeg\" data-link=\"https:\/\/www.enteratever.com\/?attachment_id=54989\" class=\"wp-image-54989\"\/><\/figure><\/li><li class=\"blocks-gallery-item\"><figure><img decoding=\"async\" src=\"https:\/\/www.enteratever.com\/2020\/wp-content\/uploads\/2021\/09\/WhatsApp-Image-2021-09-30-at-17.46.25-1024x1024.jpeg\" alt=\"\" data-id=\"54990\" data-full-url=\"https:\/\/www.enteratever.com\/2020\/wp-content\/uploads\/2021\/09\/WhatsApp-Image-2021-09-30-at-17.46.25.jpeg\" data-link=\"https:\/\/www.enteratever.com\/?attachment_id=54990\" class=\"wp-image-54990\"\/><\/figure><\/li><\/ul><\/figure>\n","protected":false},"excerpt":{"rendered":"<p>Visitas: 2 \u2022 Del 4 al 7 de octubre se llevar\u00e1 la jornada de vacunaci\u00f3n. Del cuatro al siete de octubre se estar\u00e1 llevando a cabo la primera dosis de la vacuna anti covid para los j\u00f3venes de 18 a\u00f1os y m\u00e1s del municipio de Tihuatl\u00e1n, por los j\u00f3venes de este rango de edad deber\u00e1n [&hellip;]<\/p>\n","protected":false},"author":4,"featured_media":180774,"comment_status":"open","ping_status":"open","sticky":false,"template":"","format":"standard","meta":{"footnotes":""},"categories":[217],"tags":[],"class_list":{"0":"post-180773","1":"post","2":"type-post","3":"status-publish","4":"format-standard","5":"has-post-thumbnail","7":"category-tihuatlan"},"nelio_content":{"isAutoShareEnabled":true,"autoShareEndMode":"never","automationSources":{"useCustomSentences":false,"customSentences":[]},"followers":[],"suggestedReferences":[],"efiUrl":"","efiAlt":"","highlights":[],"permalinkQueryArgs":[],"series":[]},"_links":{"self":[{"href":"https:\/\/www.enteratever.com\/2023\/wp-json\/wp\/v2\/posts\/180773","targetHints":{"allow":["GET"]}}],"collection":[{"href":"https:\/\/www.enteratever.com\/2023\/wp-json\/wp\/v2\/posts"}],"about":[{"href":"https:\/\/www.enteratever.com\/2023\/wp-json\/wp\/v2\/types\/post"}],"author":[{"embeddable":true,"href":"https:\/\/www.enteratever.com\/2023\/wp-json\/wp\/v2\/users\/4"}],"replies":[{"embeddable":true,"href":"https:\/\/www.enteratever.com\/2023\/wp-json\/wp\/v2\/comments?post=180773"}],"version-history":[{"count":0,"href":"https:\/\/www.enteratever.com\/2023\/wp-json\/wp\/v2\/posts\/180773\/revisions"}],"wp:featuredmedia":[{"embeddable":true,"href":"https:\/\/www.enteratever.com\/2023\/wp-json\/wp\/v2\/media\/180774"}],"wp:attachment":[{"href":"https:\/\/www.enteratever.com\/2023\/wp-json\/wp\/v2\/media?parent=180773"}],"wp:term":[{"taxonomy":"category","embeddable":true,"href":"https:\/\/www.enteratever.com\/2023\/wp-json\/wp\/v2\/categories?post=180773"},{"taxonomy":"post_tag","embeddable":true,"href":"https:\/\/www.enteratever.com\/2023\/wp-json\/wp\/v2\/tags?post=180773"}],"curies":[{"name":"wp","href":"https:\/\/api.w.org\/{rel}","templated":true}]}}