{"id":180771,"date":"2021-09-03T18:47:43","date_gmt":"2021-09-03T18:47:43","guid":{"rendered":"https:\/\/www.enteratever.com\/2023\/dictan-prision-preventiva-contra-ex-diputada-federal-del-prd-acusada-de-homicidio-de-su-ex-esposo\/"},"modified":"2021-09-03T18:47:43","modified_gmt":"2021-09-03T18:47:43","slug":"dictan-prision-preventiva-contra-ex-diputada-federal-del-prd-acusada-de-homicidio-de-su-ex-esposo","status":"publish","type":"post","link":"https:\/\/www.enteratever.com\/2023\/2021\/09\/03\/dictan-prision-preventiva-contra-ex-diputada-federal-del-prd-acusada-de-homicidio-de-su-ex-esposo\/","title":{"rendered":"Dictan prisi\u00f3n preventiva contra ex diputada federal del PRD acusada de homicidio de su ex esposo"},"content":{"rendered":"<p>Visitas: 5<\/p>\n<p>La Fiscal General del Estado de Veracruz, Veronica Hern\u00e1ndez,&nbsp;inform\u00f3 en el marco de la&nbsp;Mesa de Coordinaci\u00f3n para la Construcci\u00f3n de la Paz, que se dict\u00f3&nbsp;prisi\u00f3n preventiva&nbsp; oficiosa por el lapso de un a\u00f1o en contra la ex diputada federal del PRD, Norma Azucena \u201cN\u201d por presuntamente estar vinculada en el&nbsp;homicidio de su ex esposo.<\/p>\n\n\n\n<p>A continuaci\u00f3n el comunicado:&nbsp;<\/p>\n\n\n\n<p>Este viernes en la Mesa de Coordinaci\u00f3n para la Construcci\u00f3n de la Paz la Fiscal General del Estado de Veracruz, Ver\u00f3nica Hern\u00e1ndez Giad\u00e1ns inform\u00f3 las acciones desplegadas durante las \u00faltimas 24 horas para participar en la estrategia de seguridad.<\/p>\n\n\n\n<p>En reuni\u00f3n encabezada por el Gobernador Cuitl\u00e1huac Garc\u00eda Jim\u00e9nez se inform\u00f3 el cumplimiento de 10 mandamientos judiciales por parte de la Polic\u00eda Ministerial, as\u00ed como seis detenciones en flagrancia por diferentes hechos constitutivos de delitos y la localizaci\u00f3n de tres personas cuya desaparici\u00f3n fue reportada por sus familiares ante el ministerio p\u00fablico.<\/p>\n\n\n\n<p>Se cumpliment\u00f3 orden de aprehensi\u00f3n en contra de Norma Azucena \u201cN\u201d y de Ethel Margarita \u201cN\u201d por el delito de homicidio doloso calificado, probablemente cometido en agravio de N.M.O. y por tentativa de homicidio doloso calificado en agravio de dos v\u00edctimas de identidades reservadas, por lo que les fue dictada prisi\u00f3n preventiva oficiosa por el lapso de un a\u00f1o.<\/p>\n\n\n\n<p>Marco \u201cN\u201d fue puesto a disposici\u00f3n del Juez de Control con sede en Poza Rica, luego de que se probara su presunta responsabilidad en el delito de ultrajes a la autoridad, dentro del Proceso Penal 196\/2021 le fue impuesta la meda cautelar de prisi\u00f3n preventiva oficiosa por un a\u00f1o.<\/p>\n\n\n\n<p>En Tantoyuca, la Fiscal\u00eda Especializada obtuvo la vinculaci\u00f3n a proceso de Doroteo \u201cN\u201d, como probable responsable del delito de pederastia agravada, cometido en perjuicio de un adolescente de identidad reservada, y la Fiscal\u00eda Regional Veracruz obtuvo la vinculaci\u00f3n de Mar\u00eda del Carmen \u201cN\u201d y Fernando \u201cN\u201d al Proceso Penal 775\/2021 por el delito de da\u00f1os dolosos.<\/p>\n\n\n\n<p>En la zona norte Tuxpan se dio cumplimiento a una orden de aprehensi\u00f3n por homicidio doloso calificado en contra de Jos\u00e9 \u201cN\u201d, quien probablemente priv\u00f3 de la vida a una persona de sexo masculino, y por lesiones dolosas calificadas y robo de veh\u00edculo, dentro del Proceso Penal 154\/2021 se ejercit\u00f3 acci\u00f3n penal en contra de Fidel \u201cN\u201d.<\/p>\n\n\n\n<p>En la zona centro Veracruz se dict\u00f3 prisi\u00f3n preventiva en contra de Marco Tulio \u201cN\u201d, como probable responsable de homicidio doloso, como qued\u00f3 registro en el Proceso Penal 629\/2016; a su vez, se cumpliment\u00f3 orden de aprehensi\u00f3n en contra de Apolinar \u201cN\u201d por da\u00f1os dolosos y dentro de la Causa Penal 227\/2018 fue aprehendido Edgar \u201cN\u201d por el delito de homicidio.<\/p>\n\n\n\n<p>En la mesa de trabajo tambi\u00e9n participaron el Secretario de Gobierno, Eric Cisneros Burgos; la Subsecretaria de Prevenci\u00f3n y Participaci\u00f3n Ciudadana de la&nbsp; Secretar\u00eda de Seguridad P\u00fablica, Sarah\u00ed Pe\u00f1a Galaviz; la Secretar\u00eda de Protecci\u00f3n Civil, Guadalupe Osorno Maldonado, as\u00ed como mandos del Ej\u00e9rcito Nacional, Guardia Nacional y Secretar\u00eda de Marina.<\/p>\n","protected":false},"excerpt":{"rendered":"<p>Visitas: 5 La Fiscal General del Estado de Veracruz, Veronica Hern\u00e1ndez,&nbsp;inform\u00f3 en el marco de la&nbsp;Mesa de Coordinaci\u00f3n para la Construcci\u00f3n de la Paz, que se dict\u00f3&nbsp;prisi\u00f3n preventiva&nbsp; oficiosa por el lapso de un a\u00f1o en contra la ex diputada federal del PRD, Norma Azucena \u201cN\u201d por presuntamente estar vinculada en el&nbsp;homicidio de su ex [&hellip;]<\/p>\n","protected":false},"author":2,"featured_media":180772,"comment_status":"open","ping_status":"open","sticky":false,"template":"","format":"standard","meta":{"footnotes":""},"categories":[217],"tags":[],"class_list":{"0":"post-180771","1":"post","2":"type-post","3":"status-publish","4":"format-standard","5":"has-post-thumbnail","7":"category-tihuatlan"},"nelio_content":{"isAutoShareEnabled":true,"autoShareEndMode":"never","automationSources":{"useCustomSentences":false,"customSentences":[]},"followers":[],"suggestedReferences":[],"efiUrl":"","efiAlt":"","highlights":[],"permalinkQueryArgs":[],"series":[]},"_links":{"self":[{"href":"https:\/\/www.enteratever.com\/2023\/wp-json\/wp\/v2\/posts\/180771","targetHints":{"allow":["GET"]}}],"collection":[{"href":"https:\/\/www.enteratever.com\/2023\/wp-json\/wp\/v2\/posts"}],"about":[{"href":"https:\/\/www.enteratever.com\/2023\/wp-json\/wp\/v2\/types\/post"}],"author":[{"embeddable":true,"href":"https:\/\/www.enteratever.com\/2023\/wp-json\/wp\/v2\/users\/2"}],"replies":[{"embeddable":true,"href":"https:\/\/www.enteratever.com\/2023\/wp-json\/wp\/v2\/comments?post=180771"}],"version-history":[{"count":0,"href":"https:\/\/www.enteratever.com\/2023\/wp-json\/wp\/v2\/posts\/180771\/revisions"}],"wp:featuredmedia":[{"embeddable":true,"href":"https:\/\/www.enteratever.com\/2023\/wp-json\/wp\/v2\/media\/180772"}],"wp:attachment":[{"href":"https:\/\/www.enteratever.com\/2023\/wp-json\/wp\/v2\/media?parent=180771"}],"wp:term":[{"taxonomy":"category","embeddable":true,"href":"https:\/\/www.enteratever.com\/2023\/wp-json\/wp\/v2\/categories?post=180771"},{"taxonomy":"post_tag","embeddable":true,"href":"https:\/\/www.enteratever.com\/2023\/wp-json\/wp\/v2\/tags?post=180771"}],"curies":[{"name":"wp","href":"https:\/\/api.w.org\/{rel}","templated":true}]}}