{"id":180170,"date":"2022-07-06T21:34:31","date_gmt":"2022-07-06T21:34:31","guid":{"rendered":"https:\/\/www.enteratever.com\/2023\/poza-rica-contara-con-evento-de-electronica\/"},"modified":"2022-07-06T21:34:31","modified_gmt":"2022-07-06T21:34:31","slug":"poza-rica-contara-con-evento-de-electronica","status":"publish","type":"post","link":"https:\/\/www.enteratever.com\/2023\/2022\/07\/06\/poza-rica-contara-con-evento-de-electronica\/","title":{"rendered":"Poza Rica contar\u00e1 con evento de electr\u00f3nica."},"content":{"rendered":"<p>Visitas: 5<\/p>\n<p>Por: Pablo Espidio.<\/p>\n\n\n\n<p>Con el objetivo de brindar espacios en las que los j\u00f3venes del municipio pueda expresar su talento se estar\u00e1 llevando a cabo el \u201cElectro Fets, vive la m\u00fasica\u201d el cual se estar\u00e1 llevando a cabo El pr\u00f3ximo 15 de julio en el domo de la Plaza C\u00edvica 18 de marzo, en donde se tiene programado un espect\u00e1culo importante.<\/p>\n\n\n\n<figure class=\"wp-block-image size-full\"><img decoding=\"async\" src=\"https:\/\/www.enteratever.com\/2020\/wp-content\/uploads\/2022\/07\/WhatsApp-Image-2022-07-06-at-4.01.14-P.jpeg\" alt=\"\" class=\"wp-image-74972\"\/><\/figure>\n\n\n\n<p>En rueda de prensa el director de turismo, V\u00edctor Ram\u00edrez Vera, coment\u00f3 que los durante este evento se estar\u00e1n presentado DJ&#8217;S de la ciudad, los cuales estar\u00e1n ambientando la Plaza C\u00edvica con sus mezclas, por lo que extendi\u00f3 la invitaci\u00f3n a la ciudadan\u00eda para que acuda a dicho evento que estar\u00e1 dando inicio a partir de las 21:00 horas y estar\u00e1n concluyendo a las 24:00 horas.<\/p>\n\n\n\n<figure class=\"wp-block-image size-full\"><img decoding=\"async\" src=\"https:\/\/www.enteratever.com\/2020\/wp-content\/uploads\/2022\/07\/WhatsApp-Image-2022-07-06-at-4.01.14-PM.jpeg\" alt=\"\" class=\"wp-image-74973\"\/><\/figure>\n\n\n\n<p>Ram\u00edrez Vera se\u00f1al\u00f3 que en el evento se espera contar con la asistencia de 500 personas, adem\u00e1s de que ya se cuenta con una larga lista de DJ\u2019S de la ciudad que est\u00e1n interesados es poder participar en este proyecto, que es de gran importancia para ellos, pues les est\u00e1n permitiendo expresarse.<\/p>\n\n\n\n<p>El presidente Fernando Remes Garza destac\u00f3 que ser\u00e1 un evento que estar\u00e1 seguro que no ser\u00e1 la \u00fanica edici\u00f3n, pues la ciudad cuenta con grandes talentos, ejemplo de ello es la joven Naomi Castal\u00e1n originara de Poza Rica que esta en el reality Show\u201d La Voz\u201d y esta administraci\u00f3n Los estar\u00e1 apoyando.<\/p>\n\n\n\n<figure class=\"wp-block-image size-full\"><img decoding=\"async\" src=\"https:\/\/www.enteratever.com\/2020\/wp-content\/uploads\/2022\/07\/WhatsApp-Image-2022-07-06-at-4.01.14.jpeg\" alt=\"\" class=\"wp-image-74974\"\/><\/figure>\n\n\n\n<p>Por su parte los j\u00f3venes participantes destacaron que es la primera administraci\u00f3n en la que se les est\u00e1n dando los espacios en donde se puedan expresar, por lo que agradecieron al director V\u00edctor Ram\u00edrez Vera, al director de Juventud y al alcalde Fernando Remes Garza por preocuparse por toda la ciudadan\u00eda.<\/p>\n\n\n\n<figure class=\"wp-block-image size-full\"><img decoding=\"async\" src=\"https:\/\/www.enteratever.com\/2020\/wp-content\/uploads\/2022\/07\/WhatsApp-Image-2022-07-06-at-4.01.15-P.jpeg\" alt=\"\" class=\"wp-image-74975\"\/><\/figure>\n","protected":false},"excerpt":{"rendered":"<p>Visitas: 5 Por: Pablo Espidio. Con el objetivo de brindar espacios en las que los j\u00f3venes del municipio pueda expresar su talento se estar\u00e1 llevando a cabo el \u201cElectro Fets, vive la m\u00fasica\u201d el cual se estar\u00e1 llevando a cabo El pr\u00f3ximo 15 de julio en el domo de la Plaza C\u00edvica 18 de marzo, [&hellip;]<\/p>\n","protected":false},"author":4,"featured_media":180171,"comment_status":"open","ping_status":"open","sticky":false,"template":"","format":"standard","meta":{"footnotes":""},"categories":[299,215],"tags":[],"class_list":{"0":"post-180170","1":"post","2":"type-post","3":"status-publish","4":"format-standard","5":"has-post-thumbnail","7":"category-notas-locales","8":"category-papantla"},"nelio_content":{"isAutoShareEnabled":true,"autoShareEndMode":"never","automationSources":{"useCustomSentences":false,"customSentences":[]},"followers":[],"suggestedReferences":[],"efiUrl":"","efiAlt":"","highlights":[],"permalinkQueryArgs":[],"series":[]},"_links":{"self":[{"href":"https:\/\/www.enteratever.com\/2023\/wp-json\/wp\/v2\/posts\/180170","targetHints":{"allow":["GET"]}}],"collection":[{"href":"https:\/\/www.enteratever.com\/2023\/wp-json\/wp\/v2\/posts"}],"about":[{"href":"https:\/\/www.enteratever.com\/2023\/wp-json\/wp\/v2\/types\/post"}],"author":[{"embeddable":true,"href":"https:\/\/www.enteratever.com\/2023\/wp-json\/wp\/v2\/users\/4"}],"replies":[{"embeddable":true,"href":"https:\/\/www.enteratever.com\/2023\/wp-json\/wp\/v2\/comments?post=180170"}],"version-history":[{"count":0,"href":"https:\/\/www.enteratever.com\/2023\/wp-json\/wp\/v2\/posts\/180170\/revisions"}],"wp:featuredmedia":[{"embeddable":true,"href":"https:\/\/www.enteratever.com\/2023\/wp-json\/wp\/v2\/media\/180171"}],"wp:attachment":[{"href":"https:\/\/www.enteratever.com\/2023\/wp-json\/wp\/v2\/media?parent=180170"}],"wp:term":[{"taxonomy":"category","embeddable":true,"href":"https:\/\/www.enteratever.com\/2023\/wp-json\/wp\/v2\/categories?post=180170"},{"taxonomy":"post_tag","embeddable":true,"href":"https:\/\/www.enteratever.com\/2023\/wp-json\/wp\/v2\/tags?post=180170"}],"curies":[{"name":"wp","href":"https:\/\/api.w.org\/{rel}","templated":true}]}}