{"id":179155,"date":"2021-08-13T22:54:04","date_gmt":"2021-08-13T22:54:04","guid":{"rendered":"https:\/\/www.enteratever.com\/2023\/agentes-municipales-de-papantla-solicitan-proyecto-carretero\/"},"modified":"2021-08-13T22:54:04","modified_gmt":"2021-08-13T22:54:04","slug":"agentes-municipales-de-papantla-solicitan-proyecto-carretero","status":"publish","type":"post","link":"https:\/\/www.enteratever.com\/2023\/2021\/08\/13\/agentes-municipales-de-papantla-solicitan-proyecto-carretero\/","title":{"rendered":"Agentes municipales de Papantla solicitan proyecto carretero"},"content":{"rendered":"<p>Visitas: 0<\/p>\n<p class=\"wp-block-paragraph\">Autoridades locales de localidades como Vicente Guerrero, Poza Larga y Carb\u00f3n, se re\u00fanen con sub secretario de la Secretaria de Infraestructura y Obra P\u00fablica de Veracruz, Fernando El\u00edas Guevara, con qui\u00e9n dialogaron acerca de la posibilidad de un proyecto carretero que pueda beneficiar a dichos lugares.<\/p>\n\n\n\n<p class=\"wp-block-paragraph\">Los habitantes de estas comunidades, expresaron que en el caso de Vicente Guerrero cuenta con carretera sin embargo est\u00e1 necesita compostura en algunas zonas y de Poza Larga al Carb\u00f3n faltan algunos espacios.<\/p>\n\n\n\n<p class=\"wp-block-paragraph\">C\u00f3mo tal el acercamiento con la SIOP que las autoridades de estas localidades vienen realizando, han sido gracias al apoyo de Eric Dom\u00ednguez V\u00e1zquez, alcalde electo de Papantla.<\/p>\n\n\n\n<p class=\"wp-block-paragraph\">Raz\u00f3n por la cual se espera que dicha planeaci\u00f3n sobre inversi\u00f3n carretera en diversas localidades de Papantla podr\u00edan formar parte del programa de obra del primer a\u00f1o del pr\u00f3ximo gobierno municipal que entrara en enero del pr\u00f3ximo a\u00f1o.<\/p>\n","protected":false},"excerpt":{"rendered":"<p>Visitas: 0 Autoridades locales de localidades como Vicente Guerrero, Poza Larga y Carb\u00f3n, se re\u00fanen con sub secretario de la Secretaria de Infraestructura y Obra P\u00fablica de Veracruz, Fernando El\u00edas Guevara, con qui\u00e9n dialogaron acerca de la posibilidad de un proyecto carretero que pueda beneficiar a dichos lugares. Los habitantes de estas comunidades, expresaron que [&hellip;]<\/p>\n","protected":false},"author":4,"featured_media":179156,"comment_status":"open","ping_status":"open","sticky":false,"template":"","format":"standard","meta":{"footnotes":""},"categories":[215],"tags":[],"class_list":["post-179155","post","type-post","status-publish","format-standard","has-post-thumbnail","category-papantla"],"nelio_content":{"isAutoShareEnabled":true,"autoShareEndMode":"never","automationSources":{"useCustomSentences":false,"customSentences":[]},"followers":[],"suggestedReferences":[],"efiUrl":"","efiAlt":"","highlights":[],"permalinkQueryArgs":[],"series":[]},"_links":{"self":[{"href":"https:\/\/www.enteratever.com\/2023\/wp-json\/wp\/v2\/posts\/179155","targetHints":{"allow":["GET"]}}],"collection":[{"href":"https:\/\/www.enteratever.com\/2023\/wp-json\/wp\/v2\/posts"}],"about":[{"href":"https:\/\/www.enteratever.com\/2023\/wp-json\/wp\/v2\/types\/post"}],"author":[{"embeddable":true,"href":"https:\/\/www.enteratever.com\/2023\/wp-json\/wp\/v2\/users\/4"}],"replies":[{"embeddable":true,"href":"https:\/\/www.enteratever.com\/2023\/wp-json\/wp\/v2\/comments?post=179155"}],"version-history":[{"count":0,"href":"https:\/\/www.enteratever.com\/2023\/wp-json\/wp\/v2\/posts\/179155\/revisions"}],"wp:featuredmedia":[{"embeddable":true,"href":"https:\/\/www.enteratever.com\/2023\/wp-json\/wp\/v2\/media\/179156"}],"wp:attachment":[{"href":"https:\/\/www.enteratever.com\/2023\/wp-json\/wp\/v2\/media?parent=179155"}],"wp:term":[{"taxonomy":"category","embeddable":true,"href":"https:\/\/www.enteratever.com\/2023\/wp-json\/wp\/v2\/categories?post=179155"},{"taxonomy":"post_tag","embeddable":true,"href":"https:\/\/www.enteratever.com\/2023\/wp-json\/wp\/v2\/tags?post=179155"}],"curies":[{"name":"wp","href":"https:\/\/api.w.org\/{rel}","templated":true}]}}