{"id":178999,"date":"2021-06-28T20:11:27","date_gmt":"2021-06-28T20:11:27","guid":{"rendered":"https:\/\/www.enteratever.com\/2023\/revelan-placa-conmemorativa-para-las-personas-fallecidas-por-covid-19\/"},"modified":"2021-06-28T20:11:27","modified_gmt":"2021-06-28T20:11:27","slug":"revelan-placa-conmemorativa-para-las-personas-fallecidas-por-covid-19","status":"publish","type":"post","link":"https:\/\/www.enteratever.com\/2023\/2021\/06\/28\/revelan-placa-conmemorativa-para-las-personas-fallecidas-por-covid-19\/","title":{"rendered":"Revelan placa conmemorativa para las personas fallecidas por covid-19"},"content":{"rendered":"<p>Visitas: 1<\/p>\n<p class=\"wp-block-paragraph\">A m\u00e1s de un a\u00f1o de que se declar\u00f3 la pandemia por el covid-19 el ayuntamiento de Poza Rica para recordar a las personas que han perdido la batalla ante esta enfermedad, realiz\u00f3 la revelaci\u00f3n de la placa que en d\u00edas atr\u00e1s se hab\u00eda dado a conocer que se estar\u00eda haciendo.<\/p>\n\n\n\n<p class=\"wp-block-paragraph\">En el evento estuvo presente el alcalde Francisco Javier Vel\u00e1zquez Vallejo, acompa\u00f1ado de los ediles, al igual estuvieron los directores de los hospitales de la ciudad, quienes a lo largo de este tiempo han arriesgado sus vidas para brindar un buen servicio, entre algunas otras personalidades.<\/p>\n\n\n\n<p class=\"wp-block-paragraph\">En su mensaje, el presidente municipal coment\u00f3 que hace 487 d\u00edas han pasado desde que se registro el primer caso de coronavirus en el pa\u00eds y a pesar de que los gobiernos y el sector salud ya se encontraba preparado para enfrentar esta enfermedad, es lamentable la cantidad de personas que fallecieron a causa del virus.<\/p>\n\n\n\n<p class=\"wp-block-paragraph\">Poza Rica 29 d\u00edas despu\u00e9s ya contaba con dos casos confirmados, por lo que han pasado 458 d\u00edas, un periodo que relativamente corto pero que para muchos pareciera d\u00e9cadas, ya que en este proceso todas las actividades han tenido cabios a los cuales los ciudadanos se han tenido que adaptar para sobrevivir.<\/p>\n\n\n\n<p class=\"wp-block-paragraph\">Destac\u00f3 que al d\u00eda de hoy no hay persona que no conozca alg\u00fan caso de alguna persona que haya perdido la vida por esta enfermedad, record\u00f3 que en la actual administraci\u00f3n han fallecido siete personas, algunos ya estaban jubilados, pero eso no les quita que formaron parte del ayuntamiento, por lo que el alcalde fue nombrando a cada uno de ellos.<\/p>\n\n\n\n<p class=\"wp-block-paragraph\">Exhort\u00f3 a la poblaci\u00f3n a mantener las medidas, ya que se podr\u00eda acercar una tercera ola de contagios, esto a pesar de que cierto sector de la poblaci\u00f3n ya fue vacunado, coment\u00f3 que el virus no ha muerto es por eso que es necesario cuidarse y probablemente nunca se radique, por lo que la nueva normalidad no es un proceso sino un cambio de vida.<\/p>\n\n\n\n<figure class=\"wp-block-gallery columns-1 wp-block-gallery-1 is-layout-flex wp-block-gallery-is-layout-flex\"><ul class=\"blocks-gallery-grid\"><li class=\"blocks-gallery-item\"><figure><img decoding=\"async\" src=\"https:\/\/www.enteratever.com\/2020\/wp-content\/uploads\/2021\/06\/2021EV0851.jpeg\" alt=\"\" data-id=\"49342\" data-full-url=\"https:\/\/www.enteratever.com\/2020\/wp-content\/uploads\/2021\/06\/2021EV0851.jpeg\" data-link=\"https:\/\/www.enteratever.com\/?attachment_id=49342\" class=\"wp-image-49342\"\/><\/figure><\/li><li class=\"blocks-gallery-item\"><figure><img decoding=\"async\" src=\"https:\/\/www.enteratever.com\/2020\/wp-content\/uploads\/2021\/06\/2021EV0852.jpeg\" alt=\"\" data-id=\"49343\" data-full-url=\"https:\/\/www.enteratever.com\/2020\/wp-content\/uploads\/2021\/06\/2021EV0852.jpeg\" data-link=\"https:\/\/www.enteratever.com\/?attachment_id=49343\" class=\"wp-image-49343\"\/><\/figure><\/li><li class=\"blocks-gallery-item\"><figure><img decoding=\"async\" src=\"https:\/\/www.enteratever.com\/2020\/wp-content\/uploads\/2021\/06\/2021EV0853.jpeg\" alt=\"\" data-id=\"49344\" data-full-url=\"https:\/\/www.enteratever.com\/2020\/wp-content\/uploads\/2021\/06\/2021EV0853.jpeg\" data-link=\"https:\/\/www.enteratever.com\/?attachment_id=49344\" class=\"wp-image-49344\"\/><\/figure><\/li><li class=\"blocks-gallery-item\"><figure><img decoding=\"async\" src=\"https:\/\/www.enteratever.com\/2020\/wp-content\/uploads\/2021\/06\/2021EV0854.jpeg\" alt=\"\" data-id=\"49345\" data-full-url=\"https:\/\/www.enteratever.com\/2020\/wp-content\/uploads\/2021\/06\/2021EV0854.jpeg\" data-link=\"https:\/\/www.enteratever.com\/?attachment_id=49345\" class=\"wp-image-49345\"\/><\/figure><\/li><\/ul><\/figure>\n","protected":false},"excerpt":{"rendered":"<p>Visitas: 1 A m\u00e1s de un a\u00f1o de que se declar\u00f3 la pandemia por el covid-19 el ayuntamiento de Poza Rica para recordar a las personas que han perdido la batalla ante esta enfermedad, realiz\u00f3 la revelaci\u00f3n de la placa que en d\u00edas atr\u00e1s se hab\u00eda dado a conocer que se estar\u00eda haciendo. En el [&hellip;]<\/p>\n","protected":false},"author":4,"featured_media":179000,"comment_status":"open","ping_status":"open","sticky":false,"template":"","format":"standard","meta":{"footnotes":""},"categories":[215],"tags":[],"class_list":["post-178999","post","type-post","status-publish","format-standard","has-post-thumbnail","category-papantla"],"nelio_content":{"isAutoShareEnabled":true,"autoShareEndMode":"never","automationSources":{"useCustomSentences":false,"customSentences":[]},"followers":[],"suggestedReferences":[],"efiUrl":"","efiAlt":"","highlights":[],"permalinkQueryArgs":[],"series":[]},"_links":{"self":[{"href":"https:\/\/www.enteratever.com\/2023\/wp-json\/wp\/v2\/posts\/178999","targetHints":{"allow":["GET"]}}],"collection":[{"href":"https:\/\/www.enteratever.com\/2023\/wp-json\/wp\/v2\/posts"}],"about":[{"href":"https:\/\/www.enteratever.com\/2023\/wp-json\/wp\/v2\/types\/post"}],"author":[{"embeddable":true,"href":"https:\/\/www.enteratever.com\/2023\/wp-json\/wp\/v2\/users\/4"}],"replies":[{"embeddable":true,"href":"https:\/\/www.enteratever.com\/2023\/wp-json\/wp\/v2\/comments?post=178999"}],"version-history":[{"count":0,"href":"https:\/\/www.enteratever.com\/2023\/wp-json\/wp\/v2\/posts\/178999\/revisions"}],"wp:featuredmedia":[{"embeddable":true,"href":"https:\/\/www.enteratever.com\/2023\/wp-json\/wp\/v2\/media\/179000"}],"wp:attachment":[{"href":"https:\/\/www.enteratever.com\/2023\/wp-json\/wp\/v2\/media?parent=178999"}],"wp:term":[{"taxonomy":"category","embeddable":true,"href":"https:\/\/www.enteratever.com\/2023\/wp-json\/wp\/v2\/categories?post=178999"},{"taxonomy":"post_tag","embeddable":true,"href":"https:\/\/www.enteratever.com\/2023\/wp-json\/wp\/v2\/tags?post=178999"}],"curies":[{"name":"wp","href":"https:\/\/api.w.org\/{rel}","templated":true}]}}