{"id":178860,"date":"2021-05-12T19:29:10","date_gmt":"2021-05-12T19:29:10","guid":{"rendered":"https:\/\/www.enteratever.com\/2023\/la-agrupacion-familias-por-la-diversidad-realizara-el-festival-de-la-diversidad\/"},"modified":"2021-05-12T19:29:10","modified_gmt":"2021-05-12T19:29:10","slug":"la-agrupacion-familias-por-la-diversidad-realizara-el-festival-de-la-diversidad","status":"publish","type":"post","link":"https:\/\/www.enteratever.com\/2023\/2021\/05\/12\/la-agrupacion-familias-por-la-diversidad-realizara-el-festival-de-la-diversidad\/","title":{"rendered":"La agrupaci\u00f3n Familias por la Diversidad realizar\u00e1 el Festival de la Diversidad"},"content":{"rendered":"<p>Visitas: 0<\/p>\n<p class=\"wp-block-paragraph\">La asociaci\u00f3n civil Familias por la Diversidad, estar\u00e1 realizando el Festival de la Diversidad a trav\u00e9s de v\u00eda Zoom, as\u00ed lo dio a conocer Cristina Ortiz Vargas, integrante de la agrupaci\u00f3n, quien se\u00f1al\u00f3 que a pesar de que en este a\u00f1o perdieron a una mujer que siempre estuvo velando por los derechos de todos, la doctora Rosy Acu\u00f1a, este evento es un homenaje a su trabajo y su larga trayectoria.<\/p>\n\n\n\n<p class=\"wp-block-paragraph\">En entrevista coment\u00f3 que esta serie de actividades se llevara a partir del 19 de mayo al 22 de mayo se estar\u00e1n llevando acabo varios eventos, todos estos ser\u00e1n en el mismo contexto de diversidad, por lo que las personas que est\u00e9n interesadas en poder participar, es necesario que llamen al n\u00famero telef\u00f3nico 782 121 2324 o bien al 782 167 1991, en donde le estar\u00e1 pasando los enlaces a las personas que quieran participar.<\/p>\n\n\n\n<p class=\"wp-block-paragraph\">Destaco que en el primer d\u00eda de actividades estar\u00e1n iniciando las 10:00 horas con el banderazo, se contara con la presencia de Sara Itzel y Santiago Ram\u00edrez Acu\u00f1a estar\u00e1n dando una semblanza de la vida tanto personal como profesional del Rosy Acu\u00f1a, al igual se contara con la presencia de algunos profesionistas en los temas referente a la diversidad sexual.<\/p>\n\n\n\n<p class=\"wp-block-paragraph\">Se contar\u00e1 con la presencia de los alumnos de la Universidad Benito Ju\u00e1rez, la Facultad de Psicolog\u00eda de la Universidad Veracruzana, la Facultad de Derecho de la Universidad del Golfo de M\u00e9xico, la Facultad de Psicolog\u00eda de la Universidad Popular Aut\u00f3noma de Veracruz, entro otras universidades de la ciudad, esto a fin de que los futuros profesionistas puedan y sepan c\u00f3mo abordar los diferentes temas.<\/p>\n\n\n\n<p class=\"wp-block-paragraph\">Ortiz Vargas se\u00f1al\u00f3 que se estar\u00e1n tocando temas como Infancias Trans, Historia de la diversidad sexual en occidente, pap\u00e1, mam\u00e1 soy gay, una platica con padres con hijos diversos, sentimientos de crecimiento y deterioro de familias diversas, entre otras, al igual se contara con conferencias de conocimientos b\u00e1sicos de sexualidad humana entre algunos otros temas.<\/p>\n\n\n\n<p class=\"wp-block-paragraph\">Coment\u00f3 que algunas de las conferencias se estar\u00e1n llevando a cabo de manera privado, ya que se estar\u00e1n tocando varios temas sensibles, algunas de estas son especialmente para padres de familia que tiene un hijo diverso, por lo que destac\u00f3 que esperan que varias familias puedan participar en estas conferencias, ya que es de suma importancia forjar lazos fuertes entre ellos, para saber enfrentar cualquier situaci\u00f3n ante la sociedad.<\/p>\n","protected":false},"excerpt":{"rendered":"<p>Visitas: 0 La asociaci\u00f3n civil Familias por la Diversidad, estar\u00e1 realizando el Festival de la Diversidad a trav\u00e9s de v\u00eda Zoom, as\u00ed lo dio a conocer Cristina Ortiz Vargas, integrante de la agrupaci\u00f3n, quien se\u00f1al\u00f3 que a pesar de que en este a\u00f1o perdieron a una mujer que siempre estuvo velando por los derechos de [&hellip;]<\/p>\n","protected":false},"author":4,"featured_media":178861,"comment_status":"open","ping_status":"open","sticky":false,"template":"","format":"standard","meta":{"footnotes":""},"categories":[215],"tags":[],"class_list":["post-178860","post","type-post","status-publish","format-standard","has-post-thumbnail","category-papantla"],"nelio_content":{"isAutoShareEnabled":true,"autoShareEndMode":"never","automationSources":{"useCustomSentences":false,"customSentences":[]},"followers":[],"suggestedReferences":[],"efiUrl":"","efiAlt":"","highlights":[],"permalinkQueryArgs":[],"series":[]},"_links":{"self":[{"href":"https:\/\/www.enteratever.com\/2023\/wp-json\/wp\/v2\/posts\/178860","targetHints":{"allow":["GET"]}}],"collection":[{"href":"https:\/\/www.enteratever.com\/2023\/wp-json\/wp\/v2\/posts"}],"about":[{"href":"https:\/\/www.enteratever.com\/2023\/wp-json\/wp\/v2\/types\/post"}],"author":[{"embeddable":true,"href":"https:\/\/www.enteratever.com\/2023\/wp-json\/wp\/v2\/users\/4"}],"replies":[{"embeddable":true,"href":"https:\/\/www.enteratever.com\/2023\/wp-json\/wp\/v2\/comments?post=178860"}],"version-history":[{"count":0,"href":"https:\/\/www.enteratever.com\/2023\/wp-json\/wp\/v2\/posts\/178860\/revisions"}],"wp:featuredmedia":[{"embeddable":true,"href":"https:\/\/www.enteratever.com\/2023\/wp-json\/wp\/v2\/media\/178861"}],"wp:attachment":[{"href":"https:\/\/www.enteratever.com\/2023\/wp-json\/wp\/v2\/media?parent=178860"}],"wp:term":[{"taxonomy":"category","embeddable":true,"href":"https:\/\/www.enteratever.com\/2023\/wp-json\/wp\/v2\/categories?post=178860"},{"taxonomy":"post_tag","embeddable":true,"href":"https:\/\/www.enteratever.com\/2023\/wp-json\/wp\/v2\/tags?post=178860"}],"curies":[{"name":"wp","href":"https:\/\/api.w.org\/{rel}","templated":true}]}}