{"id":178830,"date":"2021-05-03T02:16:13","date_gmt":"2021-05-03T02:16:13","guid":{"rendered":"https:\/\/www.enteratever.com\/2023\/capacitan-a-trabajadores-de-la-profedet\/"},"modified":"2021-05-03T02:16:13","modified_gmt":"2021-05-03T02:16:13","slug":"capacitan-a-trabajadores-de-la-profedet","status":"publish","type":"post","link":"https:\/\/www.enteratever.com\/2023\/2021\/05\/03\/capacitan-a-trabajadores-de-la-profedet\/","title":{"rendered":"Capacitan a trabajadores de la PROFEDET"},"content":{"rendered":"<p>Visitas: 6<\/p>\n<p class=\"wp-block-paragraph\">Con el objetivo de poder brindar un mejor servicio a la poblaci\u00f3n y de acuerdo a la Reforma de la Ley Federal del Trabajo publicada el primero de mayo del 2019 en el Diario Oficial de la Federaci\u00f3n, la Procuradur\u00eda Federal de la Defensa del Trabajo (PROFEDET) y las Procuradur\u00edas locales estar\u00e1n recibiendo capacitaci\u00f3n para ampliar los trabajos que ofrezcan a la ciudadan\u00eda.<\/p>\n\n\n\n<p class=\"wp-block-paragraph\">En las oficinas de la dependencia suelen apoyar a la poblaci\u00f3n con asesor\u00edas, medici\u00f3n y representaci\u00f3n jur\u00eddica, por lo que con la nueva capacitaci\u00f3n estar\u00e1 fortaleciendo el sistema de justicia laboral de M\u00e9xico con cambios del sistema sindical de impartici\u00f3n y procuraci\u00f3n de justicia.<\/p>\n\n\n\n<p class=\"wp-block-paragraph\">Adem\u00e1s de auxiliar al Centro Federal de Conciliaci\u00f3n y Registro Laboral, por tal raz\u00f3n, buscamos la profesionalizaci\u00f3n de los servidores p\u00fablicos en la implementaci\u00f3n de este nuevo sistema, lo que permitir\u00e1 tener mejores resultados en este tema.<\/p>\n\n\n\n<p class=\"wp-block-paragraph\">La capacitaci\u00f3n dar\u00e1 inicio este lunes tres de mayo al 28 de mayo, en donde ser\u00e1 el persal de las dependencias antes mencionadas los que recibir\u00e1n la capacitaci\u00f3n, por lo que esperan que a trav\u00e9s de este nueva forma de trabajar los tr\u00e1mites sean m\u00e1s r\u00e1pidos y cada vez ampliar los servicios que ofrecen a la poblaci\u00f3n.<\/p>\n\n\n\n<p class=\"wp-block-paragraph\">Por otro lado se, contin\u00faa llevando acabo las Jornadas de Conciliaci\u00f3n que con la entrada en vigor del nuevo Sistema de Justicia Laboral el pr\u00f3ximo mes de Octubre, pretenden desahogar el mayor n\u00famero de expedientes a trav\u00e9s de est\u00e1s jornadas, que se llevan acabo cada 15 d\u00edas, as\u00ed lo dio a conocer Luis Garrido Posadas predidente de la H. Junta Especial N\u00famero III de la Local de Conciliaci\u00f3n y Arbitraje del Estado.<\/p>\n","protected":false},"excerpt":{"rendered":"<p>Visitas: 6 Con el objetivo de poder brindar un mejor servicio a la poblaci\u00f3n y de acuerdo a la Reforma de la Ley Federal del Trabajo publicada el primero de mayo del 2019 en el Diario Oficial de la Federaci\u00f3n, la Procuradur\u00eda Federal de la Defensa del Trabajo (PROFEDET) y las Procuradur\u00edas locales estar\u00e1n recibiendo [&hellip;]<\/p>\n","protected":false},"author":4,"featured_media":178831,"comment_status":"open","ping_status":"open","sticky":false,"template":"","format":"standard","meta":{"footnotes":""},"categories":[215],"tags":[],"class_list":["post-178830","post","type-post","status-publish","format-standard","has-post-thumbnail","category-papantla"],"nelio_content":{"isAutoShareEnabled":true,"autoShareEndMode":"never","automationSources":{"useCustomSentences":false,"customSentences":[]},"followers":[],"suggestedReferences":[],"efiUrl":"","efiAlt":"","highlights":[],"permalinkQueryArgs":[],"series":[]},"_links":{"self":[{"href":"https:\/\/www.enteratever.com\/2023\/wp-json\/wp\/v2\/posts\/178830","targetHints":{"allow":["GET"]}}],"collection":[{"href":"https:\/\/www.enteratever.com\/2023\/wp-json\/wp\/v2\/posts"}],"about":[{"href":"https:\/\/www.enteratever.com\/2023\/wp-json\/wp\/v2\/types\/post"}],"author":[{"embeddable":true,"href":"https:\/\/www.enteratever.com\/2023\/wp-json\/wp\/v2\/users\/4"}],"replies":[{"embeddable":true,"href":"https:\/\/www.enteratever.com\/2023\/wp-json\/wp\/v2\/comments?post=178830"}],"version-history":[{"count":0,"href":"https:\/\/www.enteratever.com\/2023\/wp-json\/wp\/v2\/posts\/178830\/revisions"}],"wp:featuredmedia":[{"embeddable":true,"href":"https:\/\/www.enteratever.com\/2023\/wp-json\/wp\/v2\/media\/178831"}],"wp:attachment":[{"href":"https:\/\/www.enteratever.com\/2023\/wp-json\/wp\/v2\/media?parent=178830"}],"wp:term":[{"taxonomy":"category","embeddable":true,"href":"https:\/\/www.enteratever.com\/2023\/wp-json\/wp\/v2\/categories?post=178830"},{"taxonomy":"post_tag","embeddable":true,"href":"https:\/\/www.enteratever.com\/2023\/wp-json\/wp\/v2\/tags?post=178830"}],"curies":[{"name":"wp","href":"https:\/\/api.w.org\/{rel}","templated":true}]}}