{"id":178726,"date":"2021-03-29T21:15:42","date_gmt":"2021-03-29T21:15:42","guid":{"rendered":"https:\/\/www.enteratever.com\/2023\/se-terminan-los-formatos-de-la-cartillas-militar-en-poza-rica\/"},"modified":"2021-03-29T21:15:42","modified_gmt":"2021-03-29T21:15:42","slug":"se-terminan-los-formatos-de-la-cartillas-militar-en-poza-rica","status":"publish","type":"post","link":"https:\/\/www.enteratever.com\/2023\/2021\/03\/29\/se-terminan-los-formatos-de-la-cartillas-militar-en-poza-rica\/","title":{"rendered":"Se terminan los formatos de la cartillas militar en Poza Rica"},"content":{"rendered":"<p>Visitas: 5<\/p>\n<p class=\"wp-block-paragraph\"><em>\u2022 Solo quedan 168 formatos.<\/em><\/p>\n\n\n\n<p class=\"wp-block-paragraph\">De acuerdo con Evelia Reyes Hern\u00e1ndez Responsable de la junta municipal de reclutamiento dijo que en solo tres meses que lleva la campa\u00f1a para que los j\u00f3venes de la clase 2003 y remisos acudan a realizar sus tr\u00e1mites correspondiente para realizar su servicio militar ha tenido muy buena aceptaci\u00f3n por parte de los j\u00f3venes.<\/p>\n\n\n\n<p class=\"wp-block-paragraph\">En entrevista mencion\u00f3 que solo les quedan 168 de los 800 formatos que la Secretar\u00eda de la Defensa Nacional (Sedena), por lo que hizo un llamado a los j\u00f3venes a qu\u00e9 acudan de manera oportuna, para as\u00ed evitar aglomeraciones d\u00edas antes de que concluya el tiempo que se les design\u00f3.<\/p>\n\n\n\n<p class=\"wp-block-paragraph\">De ser necesario estar\u00e1n solicitando m\u00e1s cartillas a Sedena, pero para esto es necesario que se termine las que a\u00fan tienen, asimismo destac\u00f3 que al d\u00eda se atiende a un promedio de 20 j\u00f3venes los cuales acuden a la oficina para solicitar informaci\u00f3n y algunos otros para entregar sus papeles, por lo que esperan que para el mes de abril ya no se cuenten con formatos.<\/p>\n\n\n\n<figure class=\"wp-block-image size-full\"><img decoding=\"async\" src=\"https:\/\/www.enteratever.com\/2020\/wp-content\/uploads\/2021\/03\/WhatsApp-Image-2021-03-29-at-14.09.51.jpeg\" alt=\"\" class=\"wp-image-41147\"\/><\/figure>\n\n\n\n<p class=\"wp-block-paragraph\">La encargada coment\u00f3 que es sorprendente la manera en la que los j\u00f3venes han respondido a la campa\u00f1a que se viene haciendo, pues en a\u00f1os anteriores los j\u00f3venes dejaban todo para los \u00faltimos d\u00edas y muchos de ellos se quedan si un lugar, por lo que est\u00e9 a\u00f1o los interesados han sido preventivos y han estado acudiendo en un lapso de tres meses.<\/p>\n\n\n\n<p class=\"wp-block-paragraph\">Record\u00f3 que est\u00e9 es un documento de suma importancia, pues muchas veces se los piden para hacer diferentes tr\u00e1mites, para aquellos que a\u00fan quieran tramitar su cartilla deben de llevar su acta de nacimiento actualizada, el curp, un comprobante de m\u00e1ximo de estudios, este debe de venir con firma y sello de la instituci\u00f3n, el INE, en caso de no contar la de su tutor y cuatro fotograf\u00edas tama\u00f1o militar.<\/p>\n","protected":false},"excerpt":{"rendered":"<p>Visitas: 5 \u2022 Solo quedan 168 formatos. De acuerdo con Evelia Reyes Hern\u00e1ndez Responsable de la junta municipal de reclutamiento dijo que en solo tres meses que lleva la campa\u00f1a para que los j\u00f3venes de la clase 2003 y remisos acudan a realizar sus tr\u00e1mites correspondiente para realizar su servicio militar ha tenido muy buena [&hellip;]<\/p>\n","protected":false},"author":4,"featured_media":178727,"comment_status":"open","ping_status":"open","sticky":false,"template":"","format":"standard","meta":{"footnotes":""},"categories":[215],"tags":[],"class_list":["post-178726","post","type-post","status-publish","format-standard","has-post-thumbnail","category-papantla"],"nelio_content":{"isAutoShareEnabled":true,"autoShareEndMode":"never","automationSources":{"useCustomSentences":false,"customSentences":[]},"followers":[],"suggestedReferences":[],"efiUrl":"","efiAlt":"","highlights":[],"permalinkQueryArgs":[],"series":[]},"_links":{"self":[{"href":"https:\/\/www.enteratever.com\/2023\/wp-json\/wp\/v2\/posts\/178726","targetHints":{"allow":["GET"]}}],"collection":[{"href":"https:\/\/www.enteratever.com\/2023\/wp-json\/wp\/v2\/posts"}],"about":[{"href":"https:\/\/www.enteratever.com\/2023\/wp-json\/wp\/v2\/types\/post"}],"author":[{"embeddable":true,"href":"https:\/\/www.enteratever.com\/2023\/wp-json\/wp\/v2\/users\/4"}],"replies":[{"embeddable":true,"href":"https:\/\/www.enteratever.com\/2023\/wp-json\/wp\/v2\/comments?post=178726"}],"version-history":[{"count":0,"href":"https:\/\/www.enteratever.com\/2023\/wp-json\/wp\/v2\/posts\/178726\/revisions"}],"wp:featuredmedia":[{"embeddable":true,"href":"https:\/\/www.enteratever.com\/2023\/wp-json\/wp\/v2\/media\/178727"}],"wp:attachment":[{"href":"https:\/\/www.enteratever.com\/2023\/wp-json\/wp\/v2\/media?parent=178726"}],"wp:term":[{"taxonomy":"category","embeddable":true,"href":"https:\/\/www.enteratever.com\/2023\/wp-json\/wp\/v2\/categories?post=178726"},{"taxonomy":"post_tag","embeddable":true,"href":"https:\/\/www.enteratever.com\/2023\/wp-json\/wp\/v2\/tags?post=178726"}],"curies":[{"name":"wp","href":"https:\/\/api.w.org\/{rel}","templated":true}]}}