{"id":177212,"date":"2022-12-26T20:03:38","date_gmt":"2022-12-26T20:03:38","guid":{"rendered":"https:\/\/www.enteratever.com\/2023\/arranca-jornada-de-vacunacion-en-poza-rica\/"},"modified":"2022-12-26T20:03:38","modified_gmt":"2022-12-26T20:03:38","slug":"arranca-jornada-de-vacunacion-en-poza-rica","status":"publish","type":"post","link":"https:\/\/www.enteratever.com\/2023\/2022\/12\/26\/arranca-jornada-de-vacunacion-en-poza-rica\/","title":{"rendered":"Arranca jornada de vacunaci\u00f3n en Poza Rica"},"content":{"rendered":"<p>Visitas: 1<\/p>\n<p>\u2022 26, 27 y 28 de diciembre se estar\u00e1 llevando a cabo la jornada de vacunaci\u00f3n, en donde se les estar\u00e1 aplicando la vacuna Abdala.<\/p>\n\n\n\n<p>Por: Pablo Espidio.<\/p>\n\n\n\n<p>Este lunes arranco la jornada de vacunaci\u00f3n de Covid-19, en el municipio de Poza Rica, con la cual se busca que las personas que se encontraban en rezago puedan adquirir la dosis correspondiente y as\u00ed estar protegidos durante esta sexta ola de contagios de Covid-19, as\u00ed lo dio a conocer Emilio Olvera Andrade, delegado regional de Programas Sociales del Bienestar.<\/p>\n\n\n\n<p>La vacuna se esta aplicando en los centros de salud que se encuentran ubicados en las colonias An\u00e1huac, Morelos y Camacho, por lo que esta se estar\u00e1 llevando los d\u00edas 26, 27 y 28 de diciembre, es importante que los ciudadanos que no cuenten con alguna dosis o que nuca hayan sido vacunados acudan a las cl\u00ednicas.<\/p>\n\n\n\n<p>En entrevista coment\u00f3 que en este primer d\u00eda la afluencia de personas es poca debido a que la mayor\u00eda de la poblaci\u00f3n ya ha recibido la vacuna en jornadas pasadas, por lo que el proceso de atenci\u00f3n es m\u00e1s r\u00e1pido, dijo que la vacuna que se les est\u00e1 aplicando en esta ocasi\u00f3n la vacuna Abdala, que provine de Cuba.<\/p>\n\n\n\n<p>Indic\u00f3 que es necesario juntar grupos de 10 personas para poder aplicar la vacuna, pues cada frasco equivale para 10 personas, es por eso que exhorta a la poblaci\u00f3n a que acudan a los centros de salud para que se pueda continuar con el esquema de vacunaci\u00f3n, para evitar el incremento de casos en el municipio.<\/p>\n\n\n\n<p>Esta jornada tambi\u00e9n se esta llevando a cabo en Coatzintla, Coatzintla cabecera y Olmecas y en Tihuatl\u00e1n Tihuatl\u00e1n cabecera, Plan de Ayala y Zacate Colorado, por lo que durante estos tres d\u00edas podr\u00e1n recibir la dosis correspondiente.<\/p>\n\n\n\n<figure class=\"wp-block-gallery has-nested-images columns-default is-cropped wp-block-gallery-1 is-layout-flex wp-block-gallery-is-layout-flex\">\n<figure class=\"wp-block-image size-full\"><img decoding=\"async\" data-id=\"91030\" src=\"https:\/\/www.enteratever.com\/2020\/wp-content\/uploads\/2022\/12\/WhatsApp-Image-2022-12-26-at-13.52.63.jpg\" alt=\"\" class=\"wp-image-91030\"\/><\/figure>\n\n\n\n<figure class=\"wp-block-image size-full\"><img decoding=\"async\" data-id=\"91029\" src=\"https:\/\/www.enteratever.com\/2020\/wp-content\/uploads\/2022\/12\/WhatsApp-Image-2022-12-26-at-13.52.62.jpg\" alt=\"\" class=\"wp-image-91029\"\/><\/figure>\n\n\n\n<figure class=\"wp-block-image size-full\"><img decoding=\"async\" data-id=\"91028\" src=\"https:\/\/www.enteratever.com\/2020\/wp-content\/uploads\/2022\/12\/WhatsApp-Image-2022-12-26-at-13.52.61.jpg\" alt=\"\" class=\"wp-image-91028\"\/><\/figure>\n\n\n\n<figure class=\"wp-block-image size-full\"><img decoding=\"async\" data-id=\"91031\" src=\"https:\/\/www.enteratever.com\/2020\/wp-content\/uploads\/2022\/12\/WhatsApp-Image-2022-12-26-at-13.52.60.jpg\" alt=\"\" class=\"wp-image-91031\"\/><\/figure>\n\n\n\n<figure class=\"wp-block-image size-full\"><img decoding=\"async\" data-id=\"91032\" src=\"https:\/\/www.enteratever.com\/2020\/wp-content\/uploads\/2022\/12\/WhatsApp-Image-2022-12-26-at-13.52.58.jpg\" alt=\"\" class=\"wp-image-91032\"\/><\/figure>\n\n\n\n<figure class=\"wp-block-image size-full\"><img decoding=\"async\" data-id=\"91033\" src=\"https:\/\/www.enteratever.com\/2020\/wp-content\/uploads\/2022\/12\/WhatsApp-Image-2022-12-26-at-13.52.57.jpg\" alt=\"\" class=\"wp-image-91033\"\/><\/figure>\n<\/figure>\n","protected":false},"excerpt":{"rendered":"<p>Visitas: 1 \u2022 26, 27 y 28 de diciembre se estar\u00e1 llevando a cabo la jornada de vacunaci\u00f3n, en donde se les estar\u00e1 aplicando la vacuna Abdala. Por: Pablo Espidio. Este lunes arranco la jornada de vacunaci\u00f3n de Covid-19, en el municipio de Poza Rica, con la cual se busca que las personas que se [&hellip;]<\/p>\n","protected":false},"author":4,"featured_media":177213,"comment_status":"open","ping_status":"open","sticky":false,"template":"","format":"standard","meta":{"footnotes":""},"categories":[299,213],"tags":[],"class_list":{"0":"post-177212","1":"post","2":"type-post","3":"status-publish","4":"format-standard","5":"has-post-thumbnail","7":"category-notas-locales","8":"category-poza-rica"},"nelio_content":{"isAutoShareEnabled":true,"autoShareEndMode":"never","automationSources":{"useCustomSentences":false,"customSentences":[]},"followers":[],"suggestedReferences":[],"efiUrl":"","efiAlt":"","highlights":[],"permalinkQueryArgs":[],"series":[]},"_links":{"self":[{"href":"https:\/\/www.enteratever.com\/2023\/wp-json\/wp\/v2\/posts\/177212","targetHints":{"allow":["GET"]}}],"collection":[{"href":"https:\/\/www.enteratever.com\/2023\/wp-json\/wp\/v2\/posts"}],"about":[{"href":"https:\/\/www.enteratever.com\/2023\/wp-json\/wp\/v2\/types\/post"}],"author":[{"embeddable":true,"href":"https:\/\/www.enteratever.com\/2023\/wp-json\/wp\/v2\/users\/4"}],"replies":[{"embeddable":true,"href":"https:\/\/www.enteratever.com\/2023\/wp-json\/wp\/v2\/comments?post=177212"}],"version-history":[{"count":0,"href":"https:\/\/www.enteratever.com\/2023\/wp-json\/wp\/v2\/posts\/177212\/revisions"}],"wp:featuredmedia":[{"embeddable":true,"href":"https:\/\/www.enteratever.com\/2023\/wp-json\/wp\/v2\/media\/177213"}],"wp:attachment":[{"href":"https:\/\/www.enteratever.com\/2023\/wp-json\/wp\/v2\/media?parent=177212"}],"wp:term":[{"taxonomy":"category","embeddable":true,"href":"https:\/\/www.enteratever.com\/2023\/wp-json\/wp\/v2\/categories?post=177212"},{"taxonomy":"post_tag","embeddable":true,"href":"https:\/\/www.enteratever.com\/2023\/wp-json\/wp\/v2\/tags?post=177212"}],"curies":[{"name":"wp","href":"https:\/\/api.w.org\/{rel}","templated":true}]}}