{"id":177123,"date":"2022-12-05T23:24:48","date_gmt":"2022-12-05T23:24:48","guid":{"rendered":"https:\/\/www.enteratever.com\/2023\/por-problemas-respiratorios-alcalde-se-aleja-de-los-eventos-oficiales\/"},"modified":"2022-12-05T23:24:48","modified_gmt":"2022-12-05T23:24:48","slug":"por-problemas-respiratorios-alcalde-se-aleja-de-los-eventos-oficiales","status":"publish","type":"post","link":"https:\/\/www.enteratever.com\/2023\/2022\/12\/05\/por-problemas-respiratorios-alcalde-se-aleja-de-los-eventos-oficiales\/","title":{"rendered":"Por problemas respiratorios alcalde se aleja de los eventos oficiales."},"content":{"rendered":"<p>Visitas: 2<\/p>\n<p>Por: Pablo Espidio.<\/p>\n\n\n\n<p>Por problemas de salud el alcalde Fernando Remes Garza se estar\u00e1 retirando por unos d\u00edas de los eventos oficiales, acudi\u00f3 al acto c\u00edvico de este lunes 5 de diciembre en la escuela telesecundaria Cuauht\u00e9moc de la colonia Ignacio de la Llave, donde afirm\u00f3 que delicado de salud, pero ya se estaba atendiendo.<\/p>\n\n\n\n<p>Desde d\u00edas atr\u00e1s el alcalde presentaba molestar respiratorio, pero a\u00fan as\u00ed segu\u00eda participando en los eventos oficiales, pero despu\u00e9s del acto c\u00edvico tuvo que cancelar su agenda, ya que tuvo una reca\u00edda, por lo que fue atendido por personal de la salud, por lo que de manera extra oficial se dio a conocer que ya se encuentra estable y reposando.<\/p>\n\n\n\n<p>Algunos regidores como Rogelio Quiroz Pulido y V\u00edctor Benavides Cobos, en los eventos a los que acudieron pidieron una oraci\u00f3n a la ciudadan\u00eda que realizar\u00e1n una oraci\u00f3n por la salud del alcalde, el cual estaba un poco enfermo, asimismo enviaron palabras de aliento al mun\u00edcipe para que su recuperaci\u00f3n sea pronta.<\/p>\n\n\n\n<p>Cabe destacar que el Ayuntamiento no ha dado un comunicado oficial del estado del alcalde, pero fuero los regidores quienes afirmaron que el alcalde se encontraba enfermo, ya que exist\u00eda el rumor que la m\u00e1xima autoridad hab\u00eda sufrido un desmayo al t\u00e9rmino del acto c\u00edvico de este lunes.<\/p>\n\n\n\n<p>Las actividades no fueron canceladas y las participaciones del alcalde son suplantado por los regidores, por lo que la agenda de eventos contin\u00faa con normalidad, pues se sigue ultimando detalles para su primer informe de actividades.<\/p>\n","protected":false},"excerpt":{"rendered":"<p>Visitas: 2 Por: Pablo Espidio. Por problemas de salud el alcalde Fernando Remes Garza se estar\u00e1 retirando por unos d\u00edas de los eventos oficiales, acudi\u00f3 al acto c\u00edvico de este lunes 5 de diciembre en la escuela telesecundaria Cuauht\u00e9moc de la colonia Ignacio de la Llave, donde afirm\u00f3 que delicado de salud, pero ya se [&hellip;]<\/p>\n","protected":false},"author":4,"featured_media":177124,"comment_status":"open","ping_status":"open","sticky":false,"template":"","format":"standard","meta":{"footnotes":""},"categories":[299,213],"tags":[],"class_list":{"0":"post-177123","1":"post","2":"type-post","3":"status-publish","4":"format-standard","5":"has-post-thumbnail","7":"category-notas-locales","8":"category-poza-rica"},"nelio_content":{"isAutoShareEnabled":true,"autoShareEndMode":"never","automationSources":{"useCustomSentences":false,"customSentences":[]},"followers":[],"suggestedReferences":[],"efiUrl":"","efiAlt":"","highlights":[],"permalinkQueryArgs":[],"series":[]},"_links":{"self":[{"href":"https:\/\/www.enteratever.com\/2023\/wp-json\/wp\/v2\/posts\/177123","targetHints":{"allow":["GET"]}}],"collection":[{"href":"https:\/\/www.enteratever.com\/2023\/wp-json\/wp\/v2\/posts"}],"about":[{"href":"https:\/\/www.enteratever.com\/2023\/wp-json\/wp\/v2\/types\/post"}],"author":[{"embeddable":true,"href":"https:\/\/www.enteratever.com\/2023\/wp-json\/wp\/v2\/users\/4"}],"replies":[{"embeddable":true,"href":"https:\/\/www.enteratever.com\/2023\/wp-json\/wp\/v2\/comments?post=177123"}],"version-history":[{"count":0,"href":"https:\/\/www.enteratever.com\/2023\/wp-json\/wp\/v2\/posts\/177123\/revisions"}],"wp:featuredmedia":[{"embeddable":true,"href":"https:\/\/www.enteratever.com\/2023\/wp-json\/wp\/v2\/media\/177124"}],"wp:attachment":[{"href":"https:\/\/www.enteratever.com\/2023\/wp-json\/wp\/v2\/media?parent=177123"}],"wp:term":[{"taxonomy":"category","embeddable":true,"href":"https:\/\/www.enteratever.com\/2023\/wp-json\/wp\/v2\/categories?post=177123"},{"taxonomy":"post_tag","embeddable":true,"href":"https:\/\/www.enteratever.com\/2023\/wp-json\/wp\/v2\/tags?post=177123"}],"curies":[{"name":"wp","href":"https:\/\/api.w.org\/{rel}","templated":true}]}}