{"id":177121,"date":"2022-12-05T22:14:03","date_gmt":"2022-12-05T22:14:03","guid":{"rendered":"https:\/\/www.enteratever.com\/2023\/entre-senalamientos-se-realiza-el-cambio-de-titular-de-la-oficina-de-registro-publico-de-la-propiedad-en-poza-rica\/"},"modified":"2022-12-05T22:14:03","modified_gmt":"2022-12-05T22:14:03","slug":"entre-senalamientos-se-realiza-el-cambio-de-titular-de-la-oficina-de-registro-publico-de-la-propiedad-en-poza-rica","status":"publish","type":"post","link":"https:\/\/www.enteratever.com\/2023\/2022\/12\/05\/entre-senalamientos-se-realiza-el-cambio-de-titular-de-la-oficina-de-registro-publico-de-la-propiedad-en-poza-rica\/","title":{"rendered":"Entre se\u00f1alamientos se realiza el cambio de titular de la oficina de Registro P\u00fablico de la Propiedad en Poza Rica."},"content":{"rendered":"<p>Visitas: 1<\/p>\n<p>Por: Pablo Espidio.<\/p>\n\n\n\n<p>Sin respetar el protocolo de la entrega recepci\u00f3n se llev\u00f3 a cabo la destituci\u00f3n del cargo de titular de la oficina de Registro P\u00fablico de la Propiedad as\u00ed lo dio a conocer Blanca Lilia Soto Lara, quien argument\u00f3 que la directora general Celina Quintero Padilla lleg\u00f3 el pasado 29 de noviembre a solicitar que abandonar\u00e1 su puesto de trabajo con gritos y de manera d\u00e9spota.<\/p>\n\n\n\n<p>Indic\u00f3 que este lunes cinco de diciembre acudi\u00f3 a las oficinas en el municipio, ya que se le hab\u00eda indicado que este d\u00eda estar\u00eda acudiendo la contralor\u00eda para realizar la entrega recepci\u00f3n, pero minutos antes le come tir\u00f3n que mejor no se presentara, por lo que decidi\u00f3 acudir junto a las personas que tambi\u00e9n retiraron de sus opuestos de trabajos.<\/p>\n\n\n\n<p>Coment\u00f3 que no fueron las formas en como realizar los cambios, ya que se violentaron sus derechos humanos, pues la directora general dio a entender que en la oficina del municipio petrolero se estaban realizando malos manejos, adem\u00e1s de que al personal los menosprecio y falt\u00f3 al respeto.<\/p>\n\n\n\n<p>La ex titular registro p\u00fablico de la propiedad indic\u00f3 que el nuevo titular de la oficina es Ricardo Ochoa Rivera, con quien se enfrasco en una discusi\u00f3n durante su estancia en las oficinas por el cambio realizado desde el pasado 29 de noviembre, en donde asegur\u00f3 que de manera arbitraria se realiz\u00f3 el cambio.<\/p>\n\n\n\n<p>Soto Lara manifest\u00f3 que el argumento que se le dio fue que el cambio se dio debido a la terminaci\u00f3n d contrato, por lo que exhibi\u00f3 los oficios DGRPPIAGN\/EA\/1089\/2022 y DGRPPIAGN\/EA\/1092\/2022, dirigido a Jos\u00e9 Pochat Vergel, para el proceso de entrega y recepci\u00f3n, indicando de manera verbal que en el puesto quedar\u00eda el Ricardo Ochoa Rivera.<\/p>\n\n\n\n<p>Manifest\u00f3 que este mal actuar es un atentado contra su dignidad y prestigio que ha forjado durante m\u00e1s de 50 a\u00f1os, subray\u00f3 que no busca ser reintegrada en el puesto pero teme que le puedan fincar responsabilidades o se\u00f1alamientos en un futuro, por lo que responsabiliz\u00f3 al nuevo titular y a la directora general a partir de ahora de lo que salga, pues no se les dio tipo de sacar sus cosas personales.<\/p>\n\n\n\n<p>Blanca Lilia Soto Lara afirm\u00f3 que dej\u00f3 todo en orden pero no se respet\u00f3 el protocolo de entrega-recepci\u00f3n, acompa\u00f1ada de abogados que la respaldan y algunos ciudadanos mencion\u00f3 que se recurrir\u00e1 al Tribunal Estatal de Justicia Administrativa, ya que en ning\u00fan momento se respetaron sus derechos humanos.<\/p>\n\n\n\n<p>Por su parte Ricardo Ochoa Rivera manifest\u00f3 que no hubo despido de ning\u00fan trabajador y dijo desconocer el origen de este conflicto, lamentando la situaci\u00f3n, el solo recibi\u00f3 \u00f1a orden del cambio y el est\u00e1 cumpliendo con la indicaci\u00f3n que se le dio.<\/p>\n\n\n\n<figure class=\"wp-block-gallery has-nested-images columns-default is-cropped wp-block-gallery-1 is-layout-flex wp-block-gallery-is-layout-flex\">\n<figure class=\"wp-block-image size-large\"><img decoding=\"async\" data-id=\"89764\" src=\"https:\/\/www.enteratever.com\/2020\/wp-content\/uploads\/2022\/12\/IMG-20221205-WA0021-1024x1024.jpg\" alt=\"\" class=\"wp-image-89764\"\/><\/figure>\n\n\n\n<figure class=\"wp-block-image size-large\"><img decoding=\"async\" data-id=\"89767\" src=\"https:\/\/www.enteratever.com\/2020\/wp-content\/uploads\/2022\/12\/IMG-20221205-WA0020-1024x1024.jpg\" alt=\"\" class=\"wp-image-89767\"\/><\/figure>\n\n\n\n<figure class=\"wp-block-image size-large\"><img decoding=\"async\" data-id=\"89766\" src=\"https:\/\/www.enteratever.com\/2020\/wp-content\/uploads\/2022\/12\/IMG-20221205-WA0019-1024x1024.jpg\" alt=\"\" class=\"wp-image-89766\"\/><\/figure>\n\n\n\n<figure class=\"wp-block-image size-large\"><img decoding=\"async\" data-id=\"89768\" src=\"https:\/\/www.enteratever.com\/2020\/wp-content\/uploads\/2022\/12\/IMG-20221205-WA0018-1024x1024.jpg\" alt=\"\" class=\"wp-image-89768\"\/><\/figure>\n\n\n\n<figure class=\"wp-block-image size-large\"><img decoding=\"async\" data-id=\"89765\" src=\"https:\/\/www.enteratever.com\/2020\/wp-content\/uploads\/2022\/12\/IMG-20221205-WA0017-1024x1024.jpg\" alt=\"\" class=\"wp-image-89765\"\/><\/figure>\n\n\n\n<figure class=\"wp-block-image size-large\"><img decoding=\"async\" data-id=\"89769\" src=\"https:\/\/www.enteratever.com\/2020\/wp-content\/uploads\/2022\/12\/IMG-20221205-WA0016-1024x1024.jpg\" alt=\"\" class=\"wp-image-89769\"\/><\/figure>\n\n\n\n<figure class=\"wp-block-image size-large\"><img decoding=\"async\" data-id=\"89770\" src=\"https:\/\/www.enteratever.com\/2020\/wp-content\/uploads\/2022\/12\/IMG-20221205-WA0015-1024x1024.jpg\" alt=\"\" class=\"wp-image-89770\"\/><\/figure>\n\n\n\n<figure class=\"wp-block-image size-large\"><img decoding=\"async\" data-id=\"89771\" src=\"https:\/\/www.enteratever.com\/2020\/wp-content\/uploads\/2022\/12\/IMG-20221205-WA0014-1024x1024.jpg\" alt=\"\" class=\"wp-image-89771\"\/><\/figure>\n<\/figure>\n","protected":false},"excerpt":{"rendered":"<p>Visitas: 1 Por: Pablo Espidio. Sin respetar el protocolo de la entrega recepci\u00f3n se llev\u00f3 a cabo la destituci\u00f3n del cargo de titular de la oficina de Registro P\u00fablico de la Propiedad as\u00ed lo dio a conocer Blanca Lilia Soto Lara, quien argument\u00f3 que la directora general Celina Quintero Padilla lleg\u00f3 el pasado 29 de [&hellip;]<\/p>\n","protected":false},"author":4,"featured_media":177122,"comment_status":"open","ping_status":"open","sticky":false,"template":"","format":"standard","meta":{"footnotes":""},"categories":[299,213],"tags":[],"class_list":{"0":"post-177121","1":"post","2":"type-post","3":"status-publish","4":"format-standard","5":"has-post-thumbnail","7":"category-notas-locales","8":"category-poza-rica"},"nelio_content":{"isAutoShareEnabled":true,"autoShareEndMode":"never","automationSources":{"useCustomSentences":false,"customSentences":[]},"followers":[],"suggestedReferences":[],"efiUrl":"","efiAlt":"","highlights":[],"permalinkQueryArgs":[],"series":[]},"_links":{"self":[{"href":"https:\/\/www.enteratever.com\/2023\/wp-json\/wp\/v2\/posts\/177121","targetHints":{"allow":["GET"]}}],"collection":[{"href":"https:\/\/www.enteratever.com\/2023\/wp-json\/wp\/v2\/posts"}],"about":[{"href":"https:\/\/www.enteratever.com\/2023\/wp-json\/wp\/v2\/types\/post"}],"author":[{"embeddable":true,"href":"https:\/\/www.enteratever.com\/2023\/wp-json\/wp\/v2\/users\/4"}],"replies":[{"embeddable":true,"href":"https:\/\/www.enteratever.com\/2023\/wp-json\/wp\/v2\/comments?post=177121"}],"version-history":[{"count":0,"href":"https:\/\/www.enteratever.com\/2023\/wp-json\/wp\/v2\/posts\/177121\/revisions"}],"wp:featuredmedia":[{"embeddable":true,"href":"https:\/\/www.enteratever.com\/2023\/wp-json\/wp\/v2\/media\/177122"}],"wp:attachment":[{"href":"https:\/\/www.enteratever.com\/2023\/wp-json\/wp\/v2\/media?parent=177121"}],"wp:term":[{"taxonomy":"category","embeddable":true,"href":"https:\/\/www.enteratever.com\/2023\/wp-json\/wp\/v2\/categories?post=177121"},{"taxonomy":"post_tag","embeddable":true,"href":"https:\/\/www.enteratever.com\/2023\/wp-json\/wp\/v2\/tags?post=177121"}],"curies":[{"name":"wp","href":"https:\/\/api.w.org\/{rel}","templated":true}]}}