{"id":176785,"date":"2022-10-03T20:54:23","date_gmt":"2022-10-03T20:54:23","guid":{"rendered":"https:\/\/www.enteratever.com\/2023\/comerciantes-exponen-supuesto-mejoramiento-del-mercado-poza-rica\/"},"modified":"2022-10-03T20:54:23","modified_gmt":"2022-10-03T20:54:23","slug":"comerciantes-exponen-supuesto-mejoramiento-del-mercado-poza-rica","status":"publish","type":"post","link":"https:\/\/www.enteratever.com\/2023\/2022\/10\/03\/comerciantes-exponen-supuesto-mejoramiento-del-mercado-poza-rica\/","title":{"rendered":"Comerciantes exponen supuesto mejoramiento del mercado Poza Rica."},"content":{"rendered":"<p>Visitas: 17<\/p>\n<p>\u2022 Mart\u00edn Espinoza Castillo vende el silencio de los comerciantes, por unos litros de pintura.<\/p>\n\n\n\n<p>Locatarios de mercado Poza Rica le dan la vuelta al caldo Fernando Remes Garza, los cuales demostraron las condiciones que en verdad se encuentra este centro de abastos, pues en d\u00edas pasados el Ayuntamiento presumi\u00f3 el haber realizado trabajos de mejoramiento en la imagen del mercado, la cual consist\u00eda en pintar unos cuantos locales.<\/p>\n\n\n\n<p>Los quejosos que no est\u00e1n al servicio y favoritismo que maneja Mart\u00edn Espinoza Castillo, l\u00edder del mercado Poza Rica, a trav\u00e9s de redes sociales expusieron los supuestos trabajos de mejoramiento que las autoridades estaba presumiendo, pues en la calle Central Norte qued\u00f3 en evidencia la verdadera cara del mercado el cual se encuentra as\u00ed desde hacer dos a\u00f1os, cuando impact\u00f3 el hurac\u00e1n Grace.<\/p>\n\n\n\n<p>Se sabe que a puerta cerrada el l\u00edder de los comerciantes negocio el mejoramiento de la imagen de todo el mercado Poza Rica, esto con el objetivo de que durante la administraci\u00f3n los comerciantes no se manifestar\u00e1n ante la falta de apoyos, consiguiendo que el alcalde solo mandara a pintar las fachadas y cortinas de los negocios que se encuentran a simple vista y que no tienen ning\u00fan defecto.<\/p>\n\n\n\n<p>Situaci\u00f3n que molest\u00f3 a los comerciantes, pues fue en el mes de febrero del presente a\u00f1o cuando Espinoza Castillo se sent\u00f3 con el regidor V\u00edctor Benavides Cobos y el director de comercio Ajab Yair Le\u00f3n Salas para negociar el mejoramiento del mercado y vendi\u00f3 el silencio de sus compa\u00f1eros por unos cuantos litros de pintura.<\/p>\n\n\n\n<p>Cabe destacar que el director ahora visita a los locatarios del mercado Poza Rica para que tengan a corriente el pago del predial y pago por llevarse la basura, ya que de no cumplir con esto no recogen los desechos de los comerciantes, generando focos de contaminaci\u00f3n en el primer cuadro de la ciudad.<\/p>\n\n\n\n<figure class=\"wp-block-gallery has-nested-images columns-default is-cropped wp-block-gallery-1 is-layout-flex wp-block-gallery-is-layout-flex\">\n<figure class=\"wp-block-image size-full\"><img decoding=\"async\" data-id=\"82435\" src=\"https:\/\/www.enteratever.com\/2020\/wp-content\/uploads\/2022\/10\/WhatsApp-Image-2022-10-03-at-15.08.5.jpg\" alt=\"\" class=\"wp-image-82435\"\/><\/figure>\n\n\n\n<figure class=\"wp-block-image size-full\"><img decoding=\"async\" data-id=\"82436\" src=\"https:\/\/www.enteratever.com\/2020\/wp-content\/uploads\/2022\/10\/WhatsApp-Image-2022-10-03-at-15.08.53.jpg\" alt=\"\" class=\"wp-image-82436\"\/><\/figure>\n\n\n\n<figure class=\"wp-block-image size-full\"><img decoding=\"async\" data-id=\"82438\" src=\"https:\/\/www.enteratever.com\/2020\/wp-content\/uploads\/2022\/10\/WhatsApp-Image-2022-10-03-at-15.08.54.jpg\" alt=\"\" class=\"wp-image-82438\"\/><\/figure>\n\n\n\n<figure class=\"wp-block-image size-full\"><img decoding=\"async\" data-id=\"82437\" src=\"https:\/\/www.enteratever.com\/2020\/wp-content\/uploads\/2022\/10\/WhatsApp-Image-2022-10-03-at-15.08.55.jpg\" alt=\"\" class=\"wp-image-82437\"\/><\/figure>\n\n\n\n<figure class=\"wp-block-image size-full\"><img decoding=\"async\" data-id=\"82439\" src=\"https:\/\/www.enteratever.com\/2020\/wp-content\/uploads\/2022\/10\/WhatsApp-Image-2022-10-03-at-15.08.56.jpg\" alt=\"\" class=\"wp-image-82439\"\/><\/figure>\n<\/figure>\n","protected":false},"excerpt":{"rendered":"<p>Visitas: 17 \u2022 Mart\u00edn Espinoza Castillo vende el silencio de los comerciantes, por unos litros de pintura. Locatarios de mercado Poza Rica le dan la vuelta al caldo Fernando Remes Garza, los cuales demostraron las condiciones que en verdad se encuentra este centro de abastos, pues en d\u00edas pasados el Ayuntamiento presumi\u00f3 el haber realizado [&hellip;]<\/p>\n","protected":false},"author":4,"featured_media":176786,"comment_status":"open","ping_status":"open","sticky":false,"template":"","format":"standard","meta":{"footnotes":""},"categories":[213,219],"tags":[],"class_list":{"0":"post-176785","1":"post","2":"type-post","3":"status-publish","4":"format-standard","5":"has-post-thumbnail","7":"category-poza-rica","8":"category-zona-norte"},"nelio_content":{"isAutoShareEnabled":true,"autoShareEndMode":"never","automationSources":{"useCustomSentences":false,"customSentences":[]},"followers":[],"suggestedReferences":[],"efiUrl":"","efiAlt":"","highlights":[],"permalinkQueryArgs":[],"series":[]},"_links":{"self":[{"href":"https:\/\/www.enteratever.com\/2023\/wp-json\/wp\/v2\/posts\/176785","targetHints":{"allow":["GET"]}}],"collection":[{"href":"https:\/\/www.enteratever.com\/2023\/wp-json\/wp\/v2\/posts"}],"about":[{"href":"https:\/\/www.enteratever.com\/2023\/wp-json\/wp\/v2\/types\/post"}],"author":[{"embeddable":true,"href":"https:\/\/www.enteratever.com\/2023\/wp-json\/wp\/v2\/users\/4"}],"replies":[{"embeddable":true,"href":"https:\/\/www.enteratever.com\/2023\/wp-json\/wp\/v2\/comments?post=176785"}],"version-history":[{"count":0,"href":"https:\/\/www.enteratever.com\/2023\/wp-json\/wp\/v2\/posts\/176785\/revisions"}],"wp:featuredmedia":[{"embeddable":true,"href":"https:\/\/www.enteratever.com\/2023\/wp-json\/wp\/v2\/media\/176786"}],"wp:attachment":[{"href":"https:\/\/www.enteratever.com\/2023\/wp-json\/wp\/v2\/media?parent=176785"}],"wp:term":[{"taxonomy":"category","embeddable":true,"href":"https:\/\/www.enteratever.com\/2023\/wp-json\/wp\/v2\/categories?post=176785"},{"taxonomy":"post_tag","embeddable":true,"href":"https:\/\/www.enteratever.com\/2023\/wp-json\/wp\/v2\/tags?post=176785"}],"curies":[{"name":"wp","href":"https:\/\/api.w.org\/{rel}","templated":true}]}}