{"id":176733,"date":"2022-09-25T23:12:06","date_gmt":"2022-09-25T23:12:06","guid":{"rendered":"https:\/\/www.enteratever.com\/2023\/se-lleva-acabo-la-primera-edicion-de-fiesta-huasteca-en-poza-rica\/"},"modified":"2022-09-25T23:12:06","modified_gmt":"2022-09-25T23:12:06","slug":"se-lleva-acabo-la-primera-edicion-de-fiesta-huasteca-en-poza-rica","status":"publish","type":"post","link":"https:\/\/www.enteratever.com\/2023\/2022\/09\/25\/se-lleva-acabo-la-primera-edicion-de-fiesta-huasteca-en-poza-rica\/","title":{"rendered":"Se lleva acabo la primera edici\u00f3n de Fiesta Huasteca en Poza Rica"},"content":{"rendered":"<p>Visitas: 0<\/p>\n<p>Se llev\u00f3 a cabo la primera edici\u00f3n del evento Fiesta Huasteca, el cual busca el poder mantener vivas las tradiciones de esta cultura que predomina en el municipio, es por este motivo que la direcci\u00f3n de turismo y el C\u00edrculo Huasteco de Poza Rica \u201cRa\u00fal Pazzi Sequeda\u201d organizaron dicho evento, en las instalaciones del parque de las Am\u00e9ricas.<\/p>\n\n\n\n<p>Durante el evento el director de turismos, V\u00edctor Ram\u00edrez Vera, en su mensaje dijo es un evento comunitarios donde los asistentes podr\u00e1n disfrutar de m\u00fasica, danza y poes\u00eda que pone en alto al municipio de Poza Rica, por lo que agradeci\u00f3 a las personas que forman parte de este importante evento que est\u00e1 seguro de que se realizar\u00e1n m\u00e1s ediciones y do de m\u00e1s artistas se sumar\u00e1n.<\/p>\n\n\n\n<p>Mencion\u00f3 que en la regi\u00f3n existen grandes exponentes como es el caso de Don Pancho y su Huasteca que cuenta con una gran trayectoria en la regi\u00f3n, los cuales tambi\u00e9n estuvieron participando y llenando de alegr\u00eda a los asistentes, los cuales disfrutaron de la m\u00fasica, danza y poes\u00eda que se estuvo presentando.<\/p>\n\n\n\n<p>El director de turismos manifest\u00f3 que se est\u00e1n implementando este tipo de eventos que permiten poder impulsar a la culturas y las tradiciones de la ciudad y la regi\u00f3n, por lo que agradeci\u00f3 al alcalde Fernando Remes Garza por el inter\u00e9s que tiene a poder seguir apoyando a los diferentes sectores.<\/p>\n\n\n\n<p>En el evento tambi\u00e9n estuvieron presentes El Hidalguense, La Hortensia y El Pocito, que forman parte de la estampa de la regi\u00f3n de Huejutla Hidalgo, los cu\u00e1les realizaron sus presentaciones ante el p\u00fablico pozarricenses.<\/p>\n\n\n\n<figure class=\"wp-block-gallery has-nested-images columns-default is-cropped wp-block-gallery-1 is-layout-flex wp-block-gallery-is-layout-flex\">\n<figure class=\"wp-block-image size-full\"><img decoding=\"async\" data-id=\"81241\" src=\"https:\/\/www.enteratever.com\/2020\/wp-content\/uploads\/2022\/09\/WhatsApp-Image-2022-09-25-at-16.46.25.jpg\" alt=\"\" class=\"wp-image-81241\"\/><\/figure>\n\n\n\n<figure class=\"wp-block-image size-full\"><img decoding=\"async\" data-id=\"81240\" src=\"https:\/\/www.enteratever.com\/2020\/wp-content\/uploads\/2022\/09\/WhatsApp-Image-2022-09-25-at-16.46.24.jpg\" alt=\"\" class=\"wp-image-81240\"\/><\/figure>\n\n\n\n<figure class=\"wp-block-image size-full\"><img decoding=\"async\" data-id=\"81246\" src=\"https:\/\/www.enteratever.com\/2020\/wp-content\/uploads\/2022\/09\/WhatsApp-Image-2022-09-25-at-16.46.23.jpg\" alt=\"\" class=\"wp-image-81246\"\/><\/figure>\n\n\n\n<figure class=\"wp-block-image size-full\"><img decoding=\"async\" data-id=\"81242\" src=\"https:\/\/www.enteratever.com\/2020\/wp-content\/uploads\/2022\/09\/WhatsApp-Image-2022-09-25-at-16.46.22.jpg\" alt=\"\" class=\"wp-image-81242\"\/><\/figure>\n\n\n\n<figure class=\"wp-block-image size-full\"><img decoding=\"async\" data-id=\"81244\" src=\"https:\/\/www.enteratever.com\/2020\/wp-content\/uploads\/2022\/09\/WhatsApp-Image-2022-09-25-at-16.46.2.jpg\" alt=\"\" class=\"wp-image-81244\"\/><\/figure>\n\n\n\n<figure class=\"wp-block-image size-full\"><img decoding=\"async\" data-id=\"81245\" src=\"https:\/\/www.enteratever.com\/2020\/wp-content\/uploads\/2022\/09\/WhatsApp-Image-2022-09-25-at-16.46.21.jpg\" alt=\"\" class=\"wp-image-81245\"\/><\/figure>\n\n\n\n<figure class=\"wp-block-image size-full\"><img decoding=\"async\" data-id=\"81243\" src=\"https:\/\/www.enteratever.com\/2020\/wp-content\/uploads\/2022\/09\/WhatsApp-Image-2022-09-25-at-16.46.20.jpg\" alt=\"\" class=\"wp-image-81243\"\/><\/figure>\n<\/figure>\n","protected":false},"excerpt":{"rendered":"<p>Visitas: 0 Se llev\u00f3 a cabo la primera edici\u00f3n del evento Fiesta Huasteca, el cual busca el poder mantener vivas las tradiciones de esta cultura que predomina en el municipio, es por este motivo que la direcci\u00f3n de turismo y el C\u00edrculo Huasteco de Poza Rica \u201cRa\u00fal Pazzi Sequeda\u201d organizaron dicho evento, en las instalaciones [&hellip;]<\/p>\n","protected":false},"author":4,"featured_media":176734,"comment_status":"open","ping_status":"open","sticky":false,"template":"","format":"standard","meta":{"footnotes":""},"categories":[213,219],"tags":[],"class_list":{"0":"post-176733","1":"post","2":"type-post","3":"status-publish","4":"format-standard","5":"has-post-thumbnail","7":"category-poza-rica","8":"category-zona-norte"},"nelio_content":{"isAutoShareEnabled":true,"autoShareEndMode":"never","automationSources":{"useCustomSentences":false,"customSentences":[]},"followers":[],"suggestedReferences":[],"efiUrl":"","efiAlt":"","highlights":[],"permalinkQueryArgs":[],"series":[]},"_links":{"self":[{"href":"https:\/\/www.enteratever.com\/2023\/wp-json\/wp\/v2\/posts\/176733","targetHints":{"allow":["GET"]}}],"collection":[{"href":"https:\/\/www.enteratever.com\/2023\/wp-json\/wp\/v2\/posts"}],"about":[{"href":"https:\/\/www.enteratever.com\/2023\/wp-json\/wp\/v2\/types\/post"}],"author":[{"embeddable":true,"href":"https:\/\/www.enteratever.com\/2023\/wp-json\/wp\/v2\/users\/4"}],"replies":[{"embeddable":true,"href":"https:\/\/www.enteratever.com\/2023\/wp-json\/wp\/v2\/comments?post=176733"}],"version-history":[{"count":0,"href":"https:\/\/www.enteratever.com\/2023\/wp-json\/wp\/v2\/posts\/176733\/revisions"}],"wp:featuredmedia":[{"embeddable":true,"href":"https:\/\/www.enteratever.com\/2023\/wp-json\/wp\/v2\/media\/176734"}],"wp:attachment":[{"href":"https:\/\/www.enteratever.com\/2023\/wp-json\/wp\/v2\/media?parent=176733"}],"wp:term":[{"taxonomy":"category","embeddable":true,"href":"https:\/\/www.enteratever.com\/2023\/wp-json\/wp\/v2\/categories?post=176733"},{"taxonomy":"post_tag","embeddable":true,"href":"https:\/\/www.enteratever.com\/2023\/wp-json\/wp\/v2\/tags?post=176733"}],"curies":[{"name":"wp","href":"https:\/\/api.w.org\/{rel}","templated":true}]}}