{"id":176158,"date":"2022-06-14T20:21:16","date_gmt":"2022-06-14T20:21:16","guid":{"rendered":"https:\/\/www.enteratever.com\/2023\/instalan-centro-de-acopio-para-apoyar-a-migrantes-en-la-usbi-poza-rica\/"},"modified":"2022-06-14T20:21:16","modified_gmt":"2022-06-14T20:21:16","slug":"instalan-centro-de-acopio-para-apoyar-a-migrantes-en-la-usbi-poza-rica","status":"publish","type":"post","link":"https:\/\/www.enteratever.com\/2023\/2022\/06\/14\/instalan-centro-de-acopio-para-apoyar-a-migrantes-en-la-usbi-poza-rica\/","title":{"rendered":"Instalan centro de acopio para apoyar a migrantes en la USBI Poza Rica."},"content":{"rendered":"<p>Visitas: 3<\/p>\n<p>Por: Pablo Espidio.<\/p>\n\n\n\n<p>A fin de apoyar a los inmigrantes que se encuentran en la ciudad y en una situaci\u00f3n vulnerable integrantes del Voluntariado de la Universidad Veracruzana, inici\u00f3 una campa\u00f1a de recolecci\u00f3n de ropa, zapatos, mochilas y v\u00edveres en apoyo a los migrantes, por lo que a partir de este martes instalaron un conteo de acopio en las instalaciones de la USBI.<\/p>\n\n\n\n<p>Con esta acci\u00f3n buscan que tanto estudiantes como ciudadan\u00eda sumen esfuerzos para poder apoyar a los que m\u00e1s lo necesitan, pues recordaron que desde el a\u00f1o pasado llegaron miles de inmigrantes y algunos de ellos se quedaron en el municipio, es por eso que se les estar\u00e1 brindando el apoyo ya que no cuentan con un trabajo estable que les permita mejorar su calidad de vida.<\/p>\n\n\n\n<p>Los encargados destacaron que el centro de acopio estar\u00e1 activo hasta el pr\u00f3ximo 17 de junio, pero podr\u00eda recibir la ayuda hasta el lunes 20, la ayuda ser\u00e1 entregada directamente a los centros de ayuda a migrantes que se tienen establecidos en la entidad, por lo que todos los art\u00edculos deben estar en perfecto estado.<br>Se aceptan mochilas en buen estado y limpias, tenis, as\u00ed como ropa para hombres, mujeres y ni\u00f1os de todas las tallas, el centro de acopio estar\u00e1 abierto en horario de 8:00 a 18:00 horas, autoridades universitarias exhortaron a los ciudadanos a participar y contribuir con sus formaciones.<\/p>\n\n\n\n<p>Es importante mencionar que este tipo de estrategias de apoyo a los migrantes, es la primera que se aplica a nivel estatal y que impulsa la Universidad Veracruzana, y forma parte de la contribuci\u00f3n que la comunidad universitaria realiza a los grupos que se encuentran calidad de vulnerabilidad.<\/p>\n\n\n\n<figure class=\"wp-block-gallery columns-1 wp-block-gallery-1 is-layout-flex wp-block-gallery-is-layout-flex\"><ul class=\"blocks-gallery-grid\"><li class=\"blocks-gallery-item\"><figure><img decoding=\"async\" src=\"https:\/\/www.enteratever.com\/2020\/wp-content\/uploads\/2022\/06\/WhatsApp-Image-2022-06-14-at-2.49.59-P.jpeg\" alt=\"\" data-id=\"72590\" data-full-url=\"https:\/\/www.enteratever.com\/2020\/wp-content\/uploads\/2022\/06\/WhatsApp-Image-2022-06-14-at-2.49.59-P.jpeg\" data-link=\"https:\/\/www.enteratever.com\/?attachment_id=72590\" class=\"wp-image-72590\"\/><\/figure><\/li><li class=\"blocks-gallery-item\"><figure><img decoding=\"async\" src=\"https:\/\/www.enteratever.com\/2020\/wp-content\/uploads\/2022\/06\/WhatsApp-Image-2022-06-14-at-2.49.59-PM.jpeg\" alt=\"\" data-id=\"72591\" data-full-url=\"https:\/\/www.enteratever.com\/2020\/wp-content\/uploads\/2022\/06\/WhatsApp-Image-2022-06-14-at-2.49.59-PM.jpeg\" data-link=\"https:\/\/www.enteratever.com\/?attachment_id=72591\" class=\"wp-image-72591\"\/><\/figure><\/li><\/ul><\/figure>\n","protected":false},"excerpt":{"rendered":"<p>Visitas: 3 Por: Pablo Espidio. A fin de apoyar a los inmigrantes que se encuentran en la ciudad y en una situaci\u00f3n vulnerable integrantes del Voluntariado de la Universidad Veracruzana, inici\u00f3 una campa\u00f1a de recolecci\u00f3n de ropa, zapatos, mochilas y v\u00edveres en apoyo a los migrantes, por lo que a partir de este martes instalaron [&hellip;]<\/p>\n","protected":false},"author":4,"featured_media":176159,"comment_status":"open","ping_status":"open","sticky":false,"template":"","format":"standard","meta":{"footnotes":""},"categories":[299,213],"tags":[],"class_list":{"0":"post-176158","1":"post","2":"type-post","3":"status-publish","4":"format-standard","5":"has-post-thumbnail","7":"category-notas-locales","8":"category-poza-rica"},"nelio_content":{"isAutoShareEnabled":true,"autoShareEndMode":"never","automationSources":{"useCustomSentences":false,"customSentences":[]},"followers":[],"suggestedReferences":[],"efiUrl":"","efiAlt":"","highlights":[],"permalinkQueryArgs":[],"series":[]},"_links":{"self":[{"href":"https:\/\/www.enteratever.com\/2023\/wp-json\/wp\/v2\/posts\/176158","targetHints":{"allow":["GET"]}}],"collection":[{"href":"https:\/\/www.enteratever.com\/2023\/wp-json\/wp\/v2\/posts"}],"about":[{"href":"https:\/\/www.enteratever.com\/2023\/wp-json\/wp\/v2\/types\/post"}],"author":[{"embeddable":true,"href":"https:\/\/www.enteratever.com\/2023\/wp-json\/wp\/v2\/users\/4"}],"replies":[{"embeddable":true,"href":"https:\/\/www.enteratever.com\/2023\/wp-json\/wp\/v2\/comments?post=176158"}],"version-history":[{"count":0,"href":"https:\/\/www.enteratever.com\/2023\/wp-json\/wp\/v2\/posts\/176158\/revisions"}],"wp:featuredmedia":[{"embeddable":true,"href":"https:\/\/www.enteratever.com\/2023\/wp-json\/wp\/v2\/media\/176159"}],"wp:attachment":[{"href":"https:\/\/www.enteratever.com\/2023\/wp-json\/wp\/v2\/media?parent=176158"}],"wp:term":[{"taxonomy":"category","embeddable":true,"href":"https:\/\/www.enteratever.com\/2023\/wp-json\/wp\/v2\/categories?post=176158"},{"taxonomy":"post_tag","embeddable":true,"href":"https:\/\/www.enteratever.com\/2023\/wp-json\/wp\/v2\/tags?post=176158"}],"curies":[{"name":"wp","href":"https:\/\/api.w.org\/{rel}","templated":true}]}}