{"id":175616,"date":"2022-03-28T21:15:36","date_gmt":"2022-03-28T21:15:36","guid":{"rendered":"https:\/\/www.enteratever.com\/2023\/regidor-jesus-garcia-desecha-curso-de-derechos-humanos\/"},"modified":"2022-03-28T21:15:36","modified_gmt":"2022-03-28T21:15:36","slug":"regidor-jesus-garcia-desecha-curso-de-derechos-humanos","status":"publish","type":"post","link":"https:\/\/www.enteratever.com\/2023\/2022\/03\/28\/regidor-jesus-garcia-desecha-curso-de-derechos-humanos\/","title":{"rendered":"Regidor Jes\u00fas Garc\u00eda desecha curso de Derechos Humanos"},"content":{"rendered":"<p>Visitas: 1<\/p>\n<p>Por: Pablo Espidio.<\/p>\n\n\n\n<p>A pesar de que Jos\u00e9 Jes\u00fas Garc\u00eda Cruz, regidor primero fue uno de los principales en criticar la forma de conducirse a la poblaci\u00f3n de algunos servidores p\u00fablicos, el edil no acudi\u00f3 a las capacitaciones que la Comisi\u00f3n Estatal de Derechos Humanos estuvo brindando a los funcionarios p\u00fablicos del municipio de Poza Rica.<\/p>\n\n\n\n<p>Fue durante la tarde de este lunes cuando a los regidores se les estuvo entregando sus constancias por haber participado en el curso, por lo que el regidor no acudi\u00f3 por que fue el \u00fanico que no tuvo el tiempo de tomar la capacitaci\u00f3n, en donde se les dan las bases para saber tratar a los ciudadanos y su personal.<\/p>\n\n\n\n<p>Dichos cursos los encabez\u00f3 su compa\u00f1ero de partido Daniel Y\u00e1\u00f1ez Hern\u00e1ndez, quien es comisionado en este rubro, por lo que es lamentable que el regidor si est\u00e9 disponible para temas pol\u00edticos propios de su partido como manifestaciones pero para la hora de capacitarse en temas de Derechos Humanos no cuenta con tiempo para recibir una capacitaci\u00f3n, que es fundamental para poder desenvolverse dentro de su cargo.<\/p>\n\n\n\n<p>Sus compa\u00f1eros lamentaron que el regidor no tuviera el tiempo para obtener la capacitaci\u00f3n, ya que es importante que ellos como servidores p\u00fablicos sepan tratar diversos temas, pero ah\u00ed se ve qui\u00e9n en verdad se quiere capacitar y no solo estar para pleitos como el que realizaron la semana pasada \u00e9l y sus compa\u00f1eros que solo era un capricho de ellos.<\/p>\n\n\n\n<p>Cabe destacar que fueron 11 los regidores que acudieron a dem\u00e1s de algunos directos de diferentes \u00e1reas en donde se tiene constante trato con la ciudadan\u00eda, por lo que este tipo de cursos se estar\u00e1n brindando constantemente, por lo que se espera que el regidor primero ahora s\u00ed se tome el tiempo para acudir a estos y no s\u00f3lo a lo que le convenga.<\/p>\n","protected":false},"excerpt":{"rendered":"<p>Visitas: 1 Por: Pablo Espidio. A pesar de que Jos\u00e9 Jes\u00fas Garc\u00eda Cruz, regidor primero fue uno de los principales en criticar la forma de conducirse a la poblaci\u00f3n de algunos servidores p\u00fablicos, el edil no acudi\u00f3 a las capacitaciones que la Comisi\u00f3n Estatal de Derechos Humanos estuvo brindando a los funcionarios p\u00fablicos del municipio [&hellip;]<\/p>\n","protected":false},"author":4,"featured_media":175617,"comment_status":"open","ping_status":"open","sticky":false,"template":"","format":"standard","meta":{"footnotes":""},"categories":[299,213],"tags":[],"class_list":{"0":"post-175616","1":"post","2":"type-post","3":"status-publish","4":"format-standard","5":"has-post-thumbnail","7":"category-notas-locales","8":"category-poza-rica"},"nelio_content":{"isAutoShareEnabled":true,"autoShareEndMode":"never","automationSources":{"useCustomSentences":false,"customSentences":[]},"followers":[],"suggestedReferences":[],"efiUrl":"","efiAlt":"","highlights":[],"permalinkQueryArgs":[],"series":[]},"_links":{"self":[{"href":"https:\/\/www.enteratever.com\/2023\/wp-json\/wp\/v2\/posts\/175616","targetHints":{"allow":["GET"]}}],"collection":[{"href":"https:\/\/www.enteratever.com\/2023\/wp-json\/wp\/v2\/posts"}],"about":[{"href":"https:\/\/www.enteratever.com\/2023\/wp-json\/wp\/v2\/types\/post"}],"author":[{"embeddable":true,"href":"https:\/\/www.enteratever.com\/2023\/wp-json\/wp\/v2\/users\/4"}],"replies":[{"embeddable":true,"href":"https:\/\/www.enteratever.com\/2023\/wp-json\/wp\/v2\/comments?post=175616"}],"version-history":[{"count":0,"href":"https:\/\/www.enteratever.com\/2023\/wp-json\/wp\/v2\/posts\/175616\/revisions"}],"wp:featuredmedia":[{"embeddable":true,"href":"https:\/\/www.enteratever.com\/2023\/wp-json\/wp\/v2\/media\/175617"}],"wp:attachment":[{"href":"https:\/\/www.enteratever.com\/2023\/wp-json\/wp\/v2\/media?parent=175616"}],"wp:term":[{"taxonomy":"category","embeddable":true,"href":"https:\/\/www.enteratever.com\/2023\/wp-json\/wp\/v2\/categories?post=175616"},{"taxonomy":"post_tag","embeddable":true,"href":"https:\/\/www.enteratever.com\/2023\/wp-json\/wp\/v2\/tags?post=175616"}],"curies":[{"name":"wp","href":"https:\/\/api.w.org\/{rel}","templated":true}]}}