{"id":175514,"date":"2022-03-10T23:47:27","date_gmt":"2022-03-10T23:47:27","guid":{"rendered":"https:\/\/www.enteratever.com\/2023\/secretaria-de-bienestar-desmiente-supuestas-fechas-de-vacunacion-en-poza-rica\/"},"modified":"2022-03-10T23:47:27","modified_gmt":"2022-03-10T23:47:27","slug":"secretaria-de-bienestar-desmiente-supuestas-fechas-de-vacunacion-en-poza-rica","status":"publish","type":"post","link":"https:\/\/www.enteratever.com\/2023\/2022\/03\/10\/secretaria-de-bienestar-desmiente-supuestas-fechas-de-vacunacion-en-poza-rica\/","title":{"rendered":"Secretar\u00eda de Bienestar desmiente supuestas fechas de vacunaci\u00f3n en Poza Rica"},"content":{"rendered":"<p>Visitas: 0<\/p>\n<p>\u2022 Piden no compartir informaci\u00f3n falsa ente la poblaci\u00f3n de este rango de edad.<\/p>\n\n\n\n<p>La Secretaria de Bienestar en el municipio dio a conocer que no es cierto que del 12 al 15 de marzo se vaya a llevar a cabo la jornada de vacunaci\u00f3n del refuerzo para los j\u00f3venes de 18 a 29 a\u00f1os como un medio local lo dio a conocer a trav\u00e9s de sus redes sociales.<\/p>\n\n\n\n<p>La Secretar\u00eda de Bienestar indic\u00f3 que la jornada no se estar\u00e1 llevando a cabo en las dichas que se manejan en dicha nota period\u00edstica esto debido a que la plaza c\u00edvica 18 de marzo que es la cede de las jornadas estar\u00e1 ocupada por la feria del ciudad, por lo que es imposible que se realice.<\/p>\n\n\n\n<p>Ante esta situaci\u00f3n se tuvieron que cambiar las fechas de la jornada de vacunaci\u00f3n, por lo que pide a los ciudadanos de este rango de edad a que no se dejen enga\u00f1ar, pues ser\u00e1n ellos mismos los que estar\u00e1n dando a conocer las fechas oficiales cuando deber\u00e1n de acudir.<\/p>\n\n\n\n<p>Tambi\u00e9n a que no compartan est\u00e1 informaci\u00f3n ya que es falsa, ser\u00e1 a trav\u00e9s de los medios oficiales en donde se les estar\u00e1 dando a conocer las fechas, por lo que es importante que est\u00e9n atentos a cualquier publicaci\u00f3n a que est\u00e9n realizando en las pr\u00f3ximas semanas.<\/p>\n\n\n\n<p>Se\u00f1alaron que para poder recibir la vacuna del covid-19 deber\u00e1n de presentarse con su comprobante de que recibieron la segunda dosis y su nuevo comprobante para recibir la vacuna de refuerzo, pero hasta el momento no cuentan con las fechas oficiales de la jornada de vacunaci\u00f3n.<\/p>\n\n\n\n<figure class=\"wp-block-gallery columns-1 wp-block-gallery-1 is-layout-flex wp-block-gallery-is-layout-flex\"><ul class=\"blocks-gallery-grid\"><li class=\"blocks-gallery-item\"><figure><img decoding=\"async\" src=\"https:\/\/www.enteratever.com\/2020\/wp-content\/uploads\/2022\/03\/WhatsApp-Image-2022-03-10-at-5.40.07-P.jpeg\" alt=\"\" data-id=\"64579\" data-full-url=\"https:\/\/www.enteratever.com\/2020\/wp-content\/uploads\/2022\/03\/WhatsApp-Image-2022-03-10-at-5.40.07-P.jpeg\" data-link=\"https:\/\/www.enteratever.com\/?attachment_id=64579\" class=\"wp-image-64579\"\/><\/figure><\/li><li class=\"blocks-gallery-item\"><figure><img decoding=\"async\" src=\"https:\/\/www.enteratever.com\/2020\/wp-content\/uploads\/2022\/03\/WhatsApp-Image-2022-03-10-at-5.40.07-PM.jpeg\" alt=\"\" data-id=\"64580\" data-full-url=\"https:\/\/www.enteratever.com\/2020\/wp-content\/uploads\/2022\/03\/WhatsApp-Image-2022-03-10-at-5.40.07-PM.jpeg\" data-link=\"https:\/\/www.enteratever.com\/?attachment_id=64580\" class=\"wp-image-64580\"\/><\/figure><\/li><\/ul><\/figure>\n","protected":false},"excerpt":{"rendered":"<p>Visitas: 0 \u2022 Piden no compartir informaci\u00f3n falsa ente la poblaci\u00f3n de este rango de edad. La Secretaria de Bienestar en el municipio dio a conocer que no es cierto que del 12 al 15 de marzo se vaya a llevar a cabo la jornada de vacunaci\u00f3n del refuerzo para los j\u00f3venes de 18 a [&hellip;]<\/p>\n","protected":false},"author":4,"featured_media":175515,"comment_status":"open","ping_status":"open","sticky":false,"template":"","format":"standard","meta":{"footnotes":""},"categories":[213],"tags":[],"class_list":{"0":"post-175514","1":"post","2":"type-post","3":"status-publish","4":"format-standard","5":"has-post-thumbnail","7":"category-poza-rica"},"nelio_content":{"isAutoShareEnabled":true,"autoShareEndMode":"never","automationSources":{"useCustomSentences":false,"customSentences":[]},"followers":[],"suggestedReferences":[],"efiUrl":"","efiAlt":"","highlights":[],"permalinkQueryArgs":[],"series":[]},"_links":{"self":[{"href":"https:\/\/www.enteratever.com\/2023\/wp-json\/wp\/v2\/posts\/175514","targetHints":{"allow":["GET"]}}],"collection":[{"href":"https:\/\/www.enteratever.com\/2023\/wp-json\/wp\/v2\/posts"}],"about":[{"href":"https:\/\/www.enteratever.com\/2023\/wp-json\/wp\/v2\/types\/post"}],"author":[{"embeddable":true,"href":"https:\/\/www.enteratever.com\/2023\/wp-json\/wp\/v2\/users\/4"}],"replies":[{"embeddable":true,"href":"https:\/\/www.enteratever.com\/2023\/wp-json\/wp\/v2\/comments?post=175514"}],"version-history":[{"count":0,"href":"https:\/\/www.enteratever.com\/2023\/wp-json\/wp\/v2\/posts\/175514\/revisions"}],"wp:featuredmedia":[{"embeddable":true,"href":"https:\/\/www.enteratever.com\/2023\/wp-json\/wp\/v2\/media\/175515"}],"wp:attachment":[{"href":"https:\/\/www.enteratever.com\/2023\/wp-json\/wp\/v2\/media?parent=175514"}],"wp:term":[{"taxonomy":"category","embeddable":true,"href":"https:\/\/www.enteratever.com\/2023\/wp-json\/wp\/v2\/categories?post=175514"},{"taxonomy":"post_tag","embeddable":true,"href":"https:\/\/www.enteratever.com\/2023\/wp-json\/wp\/v2\/tags?post=175514"}],"curies":[{"name":"wp","href":"https:\/\/api.w.org\/{rel}","templated":true}]}}