{"id":175423,"date":"2022-02-23T22:44:24","date_gmt":"2022-02-23T22:44:24","guid":{"rendered":"https:\/\/www.enteratever.com\/2023\/continuan-enlistando-a-menores-para-que-reciban-atencion-gratuita-en-el-crit\/"},"modified":"2022-02-23T22:44:24","modified_gmt":"2022-02-23T22:44:24","slug":"continuan-enlistando-a-menores-para-que-reciban-atencion-gratuita-en-el-crit","status":"publish","type":"post","link":"https:\/\/www.enteratever.com\/2023\/2022\/02\/23\/continuan-enlistando-a-menores-para-que-reciban-atencion-gratuita-en-el-crit\/","title":{"rendered":"Contin\u00faan enlistando a menores para que reciban atenci\u00f3n gratuita en el Crit"},"content":{"rendered":"<p>Visitas: 1<\/p>\n<p>Por: Pablo Espidio.<\/p>\n\n\n\n<p>El Centro de Rehabilitaci\u00f3n Infantil Telet\u00f3n (Crit) Veracruz continua con la afiliaci\u00f3n de menores para que puedan recibir atenci\u00f3n de manera gratuita, por lo que esperan que se sigan sumando ni\u00f1os, ya que la meta que tienen es poder atender a m\u00e1s de mil ni\u00f1os, as\u00ed lo dio a conocer \u00c1ngel Ren\u00e9 Zavaleta Mora, director general del Crit.<\/p>\n\n\n\n<p>Coment\u00f3 que el a\u00f1o pasado se activ\u00f3 un programa con la Secretar\u00eda del Bienestar, esto con el objetivo de que los menores recibieran vales para que pudieran recibir atenci\u00f3n de los especialistas sin ning\u00fan consto, por lo que actualmente cuentan con un padr\u00f3n de 525 menores y les llegaron 490 vales, los cuales ya fueron entregados.<\/p>\n\n\n\n<p>Indic\u00f3 que siguen afiliando a ni\u00f1os para que puedan ampliar el n\u00famero de atenciones, esto estar\u00eda generando que se tuviera que contratar a m\u00e1s especialistas que pudieran atender a los menores, pues actualmente se da atenci\u00f3n a un total 700 ni\u00f1os y se espera poder ampliar a mil 50 menores, por lo que exhort\u00f3 a los tutores de los menores a que se cerquen al Crit.<\/p>\n\n\n\n<p>Zavaleta Mora mencion\u00f3 que el a\u00f1o pasado el gobierno del estado les entrego 20 millones de pesos de los 23.5 millones de pesos que se ten\u00edan contemplados, por lo que espera que puedan llegar al menos otros 10 millones de pesos por parte del gobierno federal, esto para obtener 30 millones de pesos que ser\u00e1n utilizados en las atenciones de los pacientes.<\/p>\n\n\n\n<p>El director del Crit dijo que los 10 millones de pesos depender\u00e1n de cuantas sean los pacientes que se sumen al programa, que la Secretar\u00eda de Bienestar implement\u00f3 en el Crit, por lo que invit\u00f3 a los tutores de los menores que cuenten con alguna discapacidad a que acudan al centro para que puedan apuntarse y puedan recibir atenci\u00f3n de manera gratuita.<\/p>\n\n\n\n<figure class=\"wp-block-gallery columns-1 wp-block-gallery-1 is-layout-flex wp-block-gallery-is-layout-flex\"><ul class=\"blocks-gallery-grid\"><li class=\"blocks-gallery-item\"><figure><img decoding=\"async\" src=\"https:\/\/www.enteratever.com\/2020\/wp-content\/uploads\/2022\/02\/WhatsApp-Image-2022-02-23-at-3.51.24-P.jpeg\" alt=\"\" data-id=\"63351\" data-full-url=\"https:\/\/www.enteratever.com\/2020\/wp-content\/uploads\/2022\/02\/WhatsApp-Image-2022-02-23-at-3.51.24-P.jpeg\" data-link=\"https:\/\/www.enteratever.com\/?attachment_id=63351\" class=\"wp-image-63351\"\/><\/figure><\/li><li class=\"blocks-gallery-item\"><figure><img decoding=\"async\" src=\"https:\/\/www.enteratever.com\/2020\/wp-content\/uploads\/2022\/02\/WhatsApp-Image-2022-02-23-at-3.52.02.jpeg\" alt=\"\" data-id=\"63353\" data-full-url=\"https:\/\/www.enteratever.com\/2020\/wp-content\/uploads\/2022\/02\/WhatsApp-Image-2022-02-23-at-3.52.02.jpeg\" data-link=\"https:\/\/www.enteratever.com\/?attachment_id=63353\" class=\"wp-image-63353\"\/><\/figure><\/li><\/ul><\/figure>\n","protected":false},"excerpt":{"rendered":"<p>Visitas: 1 Por: Pablo Espidio. El Centro de Rehabilitaci\u00f3n Infantil Telet\u00f3n (Crit) Veracruz continua con la afiliaci\u00f3n de menores para que puedan recibir atenci\u00f3n de manera gratuita, por lo que esperan que se sigan sumando ni\u00f1os, ya que la meta que tienen es poder atender a m\u00e1s de mil ni\u00f1os, as\u00ed lo dio a conocer [&hellip;]<\/p>\n","protected":false},"author":4,"featured_media":175424,"comment_status":"open","ping_status":"open","sticky":false,"template":"","format":"standard","meta":{"footnotes":""},"categories":[299,213],"tags":[],"class_list":{"0":"post-175423","1":"post","2":"type-post","3":"status-publish","4":"format-standard","5":"has-post-thumbnail","7":"category-notas-locales","8":"category-poza-rica"},"nelio_content":{"isAutoShareEnabled":true,"autoShareEndMode":"never","automationSources":{"useCustomSentences":false,"customSentences":[]},"followers":[],"suggestedReferences":[],"efiUrl":"","efiAlt":"","highlights":[],"permalinkQueryArgs":[],"series":[]},"_links":{"self":[{"href":"https:\/\/www.enteratever.com\/2023\/wp-json\/wp\/v2\/posts\/175423","targetHints":{"allow":["GET"]}}],"collection":[{"href":"https:\/\/www.enteratever.com\/2023\/wp-json\/wp\/v2\/posts"}],"about":[{"href":"https:\/\/www.enteratever.com\/2023\/wp-json\/wp\/v2\/types\/post"}],"author":[{"embeddable":true,"href":"https:\/\/www.enteratever.com\/2023\/wp-json\/wp\/v2\/users\/4"}],"replies":[{"embeddable":true,"href":"https:\/\/www.enteratever.com\/2023\/wp-json\/wp\/v2\/comments?post=175423"}],"version-history":[{"count":0,"href":"https:\/\/www.enteratever.com\/2023\/wp-json\/wp\/v2\/posts\/175423\/revisions"}],"wp:featuredmedia":[{"embeddable":true,"href":"https:\/\/www.enteratever.com\/2023\/wp-json\/wp\/v2\/media\/175424"}],"wp:attachment":[{"href":"https:\/\/www.enteratever.com\/2023\/wp-json\/wp\/v2\/media?parent=175423"}],"wp:term":[{"taxonomy":"category","embeddable":true,"href":"https:\/\/www.enteratever.com\/2023\/wp-json\/wp\/v2\/categories?post=175423"},{"taxonomy":"post_tag","embeddable":true,"href":"https:\/\/www.enteratever.com\/2023\/wp-json\/wp\/v2\/tags?post=175423"}],"curies":[{"name":"wp","href":"https:\/\/api.w.org\/{rel}","templated":true}]}}