{"id":175363,"date":"2022-02-13T23:35:02","date_gmt":"2022-02-13T23:35:02","guid":{"rendered":"https:\/\/www.enteratever.com\/2023\/18-de-febrero-comenzara-la-aplicacion-del-refuerzo-para-los-ciudadanos-de-30-a-39-anos\/"},"modified":"2022-02-13T23:35:02","modified_gmt":"2022-02-13T23:35:02","slug":"18-de-febrero-comenzara-la-aplicacion-del-refuerzo-para-los-ciudadanos-de-30-a-39-anos","status":"publish","type":"post","link":"https:\/\/www.enteratever.com\/2023\/2022\/02\/13\/18-de-febrero-comenzara-la-aplicacion-del-refuerzo-para-los-ciudadanos-de-30-a-39-anos\/","title":{"rendered":"18 de febrero comenzar\u00e1 la aplicaci\u00f3n del refuerzo para los ciudadanos de 30 a 39 a\u00f1os"},"content":{"rendered":"<p>Visitas: 3<\/p>\n<p>Por: Pablo Espidio.<\/p>\n\n\n\n<p>Como parte de la estrategia de salud que se ha implementado en el pa\u00eds para reducir el numero de contagios de covid-19, a partir del 18 de febrero se estar\u00e1 llevando a cabo la jornada de vacunaci\u00f3n de 30 a 39 a\u00f1os en el municipio de Poza Rica, as\u00ed lo dio a conocer Manuel Huerta Ladr\u00f3n de Guevara, delegado estatal de la Secretar\u00eda de Bienestar.<\/p>\n\n\n\n<p>Adem\u00e1s que se estar\u00e1 aplicando la vacuna al grupo de rezagados de 40 a\u00f1os, los cuales por alg\u00fan motivo no pudieron recibir la vacuna en tiempo y forma, por lo que es importante que los ciudadanos del municipio acudan a las jornadas de vacunaci\u00f3n para que reciban la dosis correspondiente y con ello evitar que sigan aumentando los casos.<\/p>\n\n\n\n<p>Indic\u00f3 que la vacuna que se les estar\u00e1 aplicando en la zona es Aztra Zeneca, mencion\u00f3 que seguir\u00e1 con las campa\u00f1as de vacunaci\u00f3n, en esta est\u00e1 ocasi\u00f3n corresponde a las personas de 30 a 39 a\u00f1os de edad. Enfatiz\u00f3 que la entidad ya rebas\u00f3 el n\u00facleo del 80 por ciento de los vacunados, por lo que se espera que en los pr\u00f3ximos d\u00edas se pueda anunciar un incremento del 82 por ciento de la poblaci\u00f3n vacunada.<\/p>\n\n\n\n<p>Se estar\u00e1 acelerando las jornadas de vacunaci\u00f3n de este rango de edad, por lo que espera que para finales de mes ya se haya aplicado el refuerzo a los ciudadanos de 30 a 39 a\u00f1os y en marzo continuar con otro segmento de poblaci\u00f3n, adem\u00e1s de que se sigue vacunando a los j\u00f3venes de 15 a\u00f1os y a todos los que en este 2022 cumple los 15 a\u00f1o y a mujeres embarazadas.<\/p>\n\n\n\n<p>Destac\u00f3 que la misma poblaci\u00f3n se ha dado cuenta que la medida m\u00e1s eficaz es la vacunaci\u00f3n, motivo por el cual se sigue exhortando a la poblaci\u00f3n a que acudan a las jornadas de vacunaci\u00f3n para que est\u00e9n protegido, adem\u00e1s de evitar exponerse al acudir a lugares concurridos y lo mas importante el portar correctamente el cubrebocas.<\/p>\n\n\n\n<p><\/p>\n\n\n\n<figure class=\"wp-block-gallery columns-1 wp-block-gallery-1 is-layout-flex wp-block-gallery-is-layout-flex\"><ul class=\"blocks-gallery-grid\"><li class=\"blocks-gallery-item\"><figure><img decoding=\"async\" src=\"https:\/\/www.enteratever.com\/2020\/wp-content\/uploads\/2022\/02\/WhatsApp-Image-2022-02-13-at-3.31.56-PM.jpeg\" alt=\"\" data-id=\"62254\" data-full-url=\"https:\/\/www.enteratever.com\/2020\/wp-content\/uploads\/2022\/02\/WhatsApp-Image-2022-02-13-at-3.31.56-PM.jpeg\" data-link=\"https:\/\/www.enteratever.com\/?attachment_id=62254\" class=\"wp-image-62254\"\/><\/figure><\/li><li class=\"blocks-gallery-item\"><figure><img decoding=\"async\" src=\"https:\/\/www.enteratever.com\/2020\/wp-content\/uploads\/2022\/02\/WhatsApp-Image-2022-02-13-at-3.31.56.jpeg\" alt=\"\" data-id=\"62255\" data-full-url=\"https:\/\/www.enteratever.com\/2020\/wp-content\/uploads\/2022\/02\/WhatsApp-Image-2022-02-13-at-3.31.56.jpeg\" data-link=\"https:\/\/www.enteratever.com\/?attachment_id=62255\" class=\"wp-image-62255\"\/><\/figure><\/li><\/ul><\/figure>\n","protected":false},"excerpt":{"rendered":"<p>Visitas: 3 Por: Pablo Espidio. Como parte de la estrategia de salud que se ha implementado en el pa\u00eds para reducir el numero de contagios de covid-19, a partir del 18 de febrero se estar\u00e1 llevando a cabo la jornada de vacunaci\u00f3n de 30 a 39 a\u00f1os en el municipio de Poza Rica, as\u00ed lo [&hellip;]<\/p>\n","protected":false},"author":4,"featured_media":175364,"comment_status":"open","ping_status":"open","sticky":false,"template":"","format":"standard","meta":{"footnotes":""},"categories":[299,213],"tags":[],"class_list":{"0":"post-175363","1":"post","2":"type-post","3":"status-publish","4":"format-standard","5":"has-post-thumbnail","7":"category-notas-locales","8":"category-poza-rica"},"nelio_content":{"isAutoShareEnabled":true,"autoShareEndMode":"never","automationSources":{"useCustomSentences":false,"customSentences":[]},"followers":[],"suggestedReferences":[],"efiUrl":"","efiAlt":"","highlights":[],"permalinkQueryArgs":[],"series":[]},"_links":{"self":[{"href":"https:\/\/www.enteratever.com\/2023\/wp-json\/wp\/v2\/posts\/175363","targetHints":{"allow":["GET"]}}],"collection":[{"href":"https:\/\/www.enteratever.com\/2023\/wp-json\/wp\/v2\/posts"}],"about":[{"href":"https:\/\/www.enteratever.com\/2023\/wp-json\/wp\/v2\/types\/post"}],"author":[{"embeddable":true,"href":"https:\/\/www.enteratever.com\/2023\/wp-json\/wp\/v2\/users\/4"}],"replies":[{"embeddable":true,"href":"https:\/\/www.enteratever.com\/2023\/wp-json\/wp\/v2\/comments?post=175363"}],"version-history":[{"count":0,"href":"https:\/\/www.enteratever.com\/2023\/wp-json\/wp\/v2\/posts\/175363\/revisions"}],"wp:featuredmedia":[{"embeddable":true,"href":"https:\/\/www.enteratever.com\/2023\/wp-json\/wp\/v2\/media\/175364"}],"wp:attachment":[{"href":"https:\/\/www.enteratever.com\/2023\/wp-json\/wp\/v2\/media?parent=175363"}],"wp:term":[{"taxonomy":"category","embeddable":true,"href":"https:\/\/www.enteratever.com\/2023\/wp-json\/wp\/v2\/categories?post=175363"},{"taxonomy":"post_tag","embeddable":true,"href":"https:\/\/www.enteratever.com\/2023\/wp-json\/wp\/v2\/tags?post=175363"}],"curies":[{"name":"wp","href":"https:\/\/api.w.org\/{rel}","templated":true}]}}