{"id":175209,"date":"2022-01-19T22:22:41","date_gmt":"2022-01-19T22:22:41","guid":{"rendered":"https:\/\/www.enteratever.com\/2023\/realizaran-el-primer-torneo-de-futbol-con-ninos-con-sindrome-de-down-en-poza-rica\/"},"modified":"2022-01-19T22:22:41","modified_gmt":"2022-01-19T22:22:41","slug":"realizaran-el-primer-torneo-de-futbol-con-ninos-con-sindrome-de-down-en-poza-rica","status":"publish","type":"post","link":"https:\/\/www.enteratever.com\/2023\/2022\/01\/19\/realizaran-el-primer-torneo-de-futbol-con-ninos-con-sindrome-de-down-en-poza-rica\/","title":{"rendered":"Realizar\u00e1n el primer torneo de f\u00fatbol con ni\u00f1os con S\u00edndrome de Down en Poza Rica"},"content":{"rendered":"<p>Visitas: 4<\/p>\n<p>Por: Pablo Espidio.<\/p>\n\n\n\n<p>Con el objetivo de crear espacios para ni\u00f1os con alg\u00fan tipo de discapacidad, se estar\u00e1 realizando el primer de f\u00fatbol \u201c Un Fin Especial\u201d, en el cual de estar\u00e1n juntando a ocho equipos de ni\u00f1os con s\u00edndrome de down de diferentes estado de rep\u00fablica mexicana.<\/p>\n\n\n\n<p>De acuerdo con Salvador Castellanos L\u00f3pez, Coordinador general de la liga de fut bol municipal infantil y juvenil NORVER coment\u00f3 que est\u00e1 es la primera vez que se realiza un evento en la ciudad, por lo que se han acercado con la regidur\u00eda de familia y ni\u00f1ez, para que a trav\u00e9s de ella se les pueda dar continuidad a este tipo de actividades.<\/p>\n\n\n\n<p>El evento se estar\u00e1 realizando dura te los d\u00edas 19 y 20 de marzo, esto como parte de la conmemoraci\u00f3n del 21 de marzo el d\u00eda del ni\u00f1o especial, por lo que las actividades se estar\u00e1n realizando en el municipio petrolero, por lo que ya tiene confirmado de ocho equipos de ni\u00f1os con su condici\u00f3n.<\/p>\n\n\n\n<p>En este evento estar\u00e1n participando Toluca, Oaxaca, Canc\u00fan, Boca del R\u00edo y Coatzacoalcos, entre otros, por lo que ya tiene todo preparado para este torneo, destac\u00f3 que no solo es para reunir a los menores, sino tambi\u00e9n para premiarlos y que se sientan incluidos entre la sociedad.<\/p>\n\n\n\n<p>Destac\u00f3 que en Poza Rica es el primer equipo de f\u00fatbol en donde todos los participantes cuentan con s\u00edndrome de down, por lo que es importante que las autoridades de deporte apoyen a este tipo de equipos que deben de ser incluidos.<\/p>\n\n\n\n<figure class=\"wp-block-gallery columns-1 wp-block-gallery-1 is-layout-flex wp-block-gallery-is-layout-flex\"><ul class=\"blocks-gallery-grid\"><li class=\"blocks-gallery-item\"><figure><img decoding=\"async\" src=\"https:\/\/www.enteratever.com\/2020\/wp-content\/uploads\/2022\/01\/IMG-20220119-WA0019-1.jpg\" alt=\"\" data-id=\"60388\" data-full-url=\"https:\/\/www.enteratever.com\/2020\/wp-content\/uploads\/2022\/01\/IMG-20220119-WA0019-1.jpg\" data-link=\"https:\/\/www.enteratever.com\/?attachment_id=60388\" class=\"wp-image-60388\"\/><\/figure><\/li><li class=\"blocks-gallery-item\"><figure><img decoding=\"async\" src=\"https:\/\/www.enteratever.com\/2020\/wp-content\/uploads\/2022\/01\/IMG-20220119-WA0018.jpg\" alt=\"\" data-id=\"60389\" data-full-url=\"https:\/\/www.enteratever.com\/2020\/wp-content\/uploads\/2022\/01\/IMG-20220119-WA0018.jpg\" data-link=\"https:\/\/www.enteratever.com\/?attachment_id=60389\" class=\"wp-image-60389\"\/><\/figure><\/li><\/ul><\/figure>\n","protected":false},"excerpt":{"rendered":"<p>Visitas: 4 Por: Pablo Espidio. Con el objetivo de crear espacios para ni\u00f1os con alg\u00fan tipo de discapacidad, se estar\u00e1 realizando el primer de f\u00fatbol \u201c Un Fin Especial\u201d, en el cual de estar\u00e1n juntando a ocho equipos de ni\u00f1os con s\u00edndrome de down de diferentes estado de rep\u00fablica mexicana. De acuerdo con Salvador Castellanos [&hellip;]<\/p>\n","protected":false},"author":2,"featured_media":175210,"comment_status":"open","ping_status":"open","sticky":false,"template":"","format":"standard","meta":{"footnotes":""},"categories":[299,213],"tags":[],"class_list":{"0":"post-175209","1":"post","2":"type-post","3":"status-publish","4":"format-standard","5":"has-post-thumbnail","7":"category-notas-locales","8":"category-poza-rica"},"nelio_content":{"isAutoShareEnabled":true,"autoShareEndMode":"never","automationSources":{"useCustomSentences":false,"customSentences":[]},"followers":[],"suggestedReferences":[],"efiUrl":"","efiAlt":"","highlights":[],"permalinkQueryArgs":[],"series":[]},"_links":{"self":[{"href":"https:\/\/www.enteratever.com\/2023\/wp-json\/wp\/v2\/posts\/175209","targetHints":{"allow":["GET"]}}],"collection":[{"href":"https:\/\/www.enteratever.com\/2023\/wp-json\/wp\/v2\/posts"}],"about":[{"href":"https:\/\/www.enteratever.com\/2023\/wp-json\/wp\/v2\/types\/post"}],"author":[{"embeddable":true,"href":"https:\/\/www.enteratever.com\/2023\/wp-json\/wp\/v2\/users\/2"}],"replies":[{"embeddable":true,"href":"https:\/\/www.enteratever.com\/2023\/wp-json\/wp\/v2\/comments?post=175209"}],"version-history":[{"count":0,"href":"https:\/\/www.enteratever.com\/2023\/wp-json\/wp\/v2\/posts\/175209\/revisions"}],"wp:featuredmedia":[{"embeddable":true,"href":"https:\/\/www.enteratever.com\/2023\/wp-json\/wp\/v2\/media\/175210"}],"wp:attachment":[{"href":"https:\/\/www.enteratever.com\/2023\/wp-json\/wp\/v2\/media?parent=175209"}],"wp:term":[{"taxonomy":"category","embeddable":true,"href":"https:\/\/www.enteratever.com\/2023\/wp-json\/wp\/v2\/categories?post=175209"},{"taxonomy":"post_tag","embeddable":true,"href":"https:\/\/www.enteratever.com\/2023\/wp-json\/wp\/v2\/tags?post=175209"}],"curies":[{"name":"wp","href":"https:\/\/api.w.org\/{rel}","templated":true}]}}