{"id":175126,"date":"2022-01-06T22:48:04","date_gmt":"2022-01-06T22:48:04","guid":{"rendered":"https:\/\/www.enteratever.com\/2023\/inah-hace-caso-omiso-a-la-solicitud-de-sector-empresarial\/"},"modified":"2022-01-06T22:48:04","modified_gmt":"2022-01-06T22:48:04","slug":"inah-hace-caso-omiso-a-la-solicitud-de-sector-empresarial","status":"publish","type":"post","link":"https:\/\/www.enteratever.com\/2023\/2022\/01\/06\/inah-hace-caso-omiso-a-la-solicitud-de-sector-empresarial\/","title":{"rendered":"INAH hace caso omiso a la solicitud de sector empresarial."},"content":{"rendered":"<p>Visitas: 0<\/p>\n<p>Por: Pablo Espidio.<\/p>\n\n\n\n<p>Francisco Javier L\u00f3pez, Presidente de la C\u00e1mara de Comercio de Poza Rica (CANACO), dio a conocer que el sector empresarial en las \u00faltimas semanas del a\u00f1o pasado el sector empresarial de la regi\u00f3n hizo un llamado para que se reabriera la zona arqueol\u00f3gica El Taj\u00edn, sin embargo la secretar\u00eda de turismo y el Instituto Nacional de Antropolog\u00eda e Historia (INAH), hicieron caso omiso este llamado.<\/p>\n\n\n\n<p>Al respecto Francisco Javier L\u00f3pez G\u00f3mez, afirm\u00f3 que las autoridades de la Secretar\u00eda de Turismo del estado no ha atendido el llamado que se les realiz\u00f3 para este fin, lo que ha generado que tener una la imagen con turistas tanto nacionales como internacionales, los cuales esperaban poder disfrutar de los atractivos turisticos de la regi\u00f3n.<\/p>\n\n\n\n<p>Se\u00f1al\u00f3 que las representaciones de la C\u00e1mara de Comercio de Poza Rica, Tuxpan y Papantla, firmaron y giraron un oficio, realizando solicitud para atender \u00e9sta petici\u00f3n, y que se retoma una de las actividades sustantivas para la econom\u00eda que es el turismo.<\/p>\n\n\n\n<p>Lo anterior pese a la solicitud, no hubo una respuesta contundente de parte de la dependencia estatal, mientras que muchos sectores que dependen de la actividad tur\u00edstica, siguen en espera de alguna acci\u00f3n que promueva la reactivaci\u00f3n de sus actividades.<\/p>\n\n\n\n<p>Pero para ello se van a llevar a cabo una serie de acciones en este 2022 con el objetivo de mejorar las condiciones del comercio en la regi\u00f3n, como ser\u00e1 la reactivaci\u00f3n econ\u00f3mica que tanto ocupa esta zona para poder despegar.<\/p>\n\n\n\n<p>Lo anterior se dio a conocer en el marco de una conferencia de prensa que convoc\u00f3 el Consejo Empresarial de la Zona Norte del Estado de Veracruz (CEZVN), que preside el arquitecto Alejandro de la Torre Tapia. En este encuentro tambi\u00e9n estuvo presente la COPARMEX, representantes de hoteleros, entre otras c\u00e1maras.<\/p>\n","protected":false},"excerpt":{"rendered":"<p>Visitas: 0 Por: Pablo Espidio. Francisco Javier L\u00f3pez, Presidente de la C\u00e1mara de Comercio de Poza Rica (CANACO), dio a conocer que el sector empresarial en las \u00faltimas semanas del a\u00f1o pasado el sector empresarial de la regi\u00f3n hizo un llamado para que se reabriera la zona arqueol\u00f3gica El Taj\u00edn, sin embargo la secretar\u00eda de [&hellip;]<\/p>\n","protected":false},"author":4,"featured_media":175127,"comment_status":"open","ping_status":"open","sticky":false,"template":"","format":"standard","meta":{"footnotes":""},"categories":[299,213],"tags":[],"class_list":{"0":"post-175126","1":"post","2":"type-post","3":"status-publish","4":"format-standard","5":"has-post-thumbnail","7":"category-notas-locales","8":"category-poza-rica"},"nelio_content":{"isAutoShareEnabled":true,"autoShareEndMode":"never","automationSources":{"useCustomSentences":false,"customSentences":[]},"followers":[],"suggestedReferences":[],"efiUrl":"","efiAlt":"","highlights":[],"permalinkQueryArgs":[],"series":[]},"_links":{"self":[{"href":"https:\/\/www.enteratever.com\/2023\/wp-json\/wp\/v2\/posts\/175126","targetHints":{"allow":["GET"]}}],"collection":[{"href":"https:\/\/www.enteratever.com\/2023\/wp-json\/wp\/v2\/posts"}],"about":[{"href":"https:\/\/www.enteratever.com\/2023\/wp-json\/wp\/v2\/types\/post"}],"author":[{"embeddable":true,"href":"https:\/\/www.enteratever.com\/2023\/wp-json\/wp\/v2\/users\/4"}],"replies":[{"embeddable":true,"href":"https:\/\/www.enteratever.com\/2023\/wp-json\/wp\/v2\/comments?post=175126"}],"version-history":[{"count":0,"href":"https:\/\/www.enteratever.com\/2023\/wp-json\/wp\/v2\/posts\/175126\/revisions"}],"wp:featuredmedia":[{"embeddable":true,"href":"https:\/\/www.enteratever.com\/2023\/wp-json\/wp\/v2\/media\/175127"}],"wp:attachment":[{"href":"https:\/\/www.enteratever.com\/2023\/wp-json\/wp\/v2\/media?parent=175126"}],"wp:term":[{"taxonomy":"category","embeddable":true,"href":"https:\/\/www.enteratever.com\/2023\/wp-json\/wp\/v2\/categories?post=175126"},{"taxonomy":"post_tag","embeddable":true,"href":"https:\/\/www.enteratever.com\/2023\/wp-json\/wp\/v2\/tags?post=175126"}],"curies":[{"name":"wp","href":"https:\/\/api.w.org\/{rel}","templated":true}]}}