{"id":175110,"date":"2022-01-05T00:00:23","date_gmt":"2022-01-05T00:00:23","guid":{"rendered":"https:\/\/www.enteratever.com\/2023\/alcalde-pide-a-la-caev-tape-todos-los-baches-cada-que-reparen-las-fugas-de-agua\/"},"modified":"2022-01-05T00:00:23","modified_gmt":"2022-01-05T00:00:23","slug":"alcalde-pide-a-la-caev-tape-todos-los-baches-cada-que-reparen-las-fugas-de-agua","status":"publish","type":"post","link":"https:\/\/www.enteratever.com\/2023\/2022\/01\/05\/alcalde-pide-a-la-caev-tape-todos-los-baches-cada-que-reparen-las-fugas-de-agua\/","title":{"rendered":"Alcalde pide a la Caev tape todos los baches cada que reparen las fugas de agua."},"content":{"rendered":"<p>Visitas: 0<\/p>\n<p>Por: Pablo Espidio.<\/p>\n\n\n\n<p>El alcalde Fernando Remes Garza, hizo un llamado a Guillermo Alamillo, titular de la oficina de la Comisi\u00f3n del Agua del Estado de Veracruz (Caev) para que cada que realicen un trabajo y requieran abrir las calles o banquetas tapen los huecos que suelen hacer para reparar las fugas.<\/p>\n\n\n\n<p>Dijo que en los \u00faltimos a\u00f1os se han incrementando las quejas por parte de los ciudadanos debido a esta situaci\u00f3n, por lo que es necesario que as\u00ed como abren las calles para reparar las fugas tapen y reparen las calles para evitar que existan baches por toda la ciudad.<\/p>\n\n\n\n<p>As\u00ed mismo anuncio que se tiene un proyecto para el sistema de agua, con el cual se estar\u00e1 asegurando el subministro del l\u00edquido vital para que no falte durante todo el a\u00f1o, pues sabe que es un tema que preocupa a los pozarricense.<\/p>\n\n\n\n<p>El edil se\u00f1al\u00f3 que a nivel estatal ya realiz\u00f3 una primera etapa para mejorar el subministro del agua potable, por lo que se espera una segunda y tercer parte, con la cual estar\u00e1n garantizando que en toda la ciudad cuente con agua potable, por lo que es un proyecto importante para la ciudad.<\/p>\n\n\n\n<p>Coment\u00f3 que no solo est\u00e1 mal distribuida sino tambi\u00e9n ramificada, por lo que con este programa se acabar\u00e1n los problemas del agua potable en la ciudad, por lo que se estar\u00e1 corrigiendo durante las \u00faltimas dos etapas que est\u00e1n por venir para el municipio petrolero.<\/p>\n","protected":false},"excerpt":{"rendered":"<p>Visitas: 0 Por: Pablo Espidio. El alcalde Fernando Remes Garza, hizo un llamado a Guillermo Alamillo, titular de la oficina de la Comisi\u00f3n del Agua del Estado de Veracruz (Caev) para que cada que realicen un trabajo y requieran abrir las calles o banquetas tapen los huecos que suelen hacer para reparar las fugas. Dijo [&hellip;]<\/p>\n","protected":false},"author":4,"featured_media":175111,"comment_status":"open","ping_status":"open","sticky":false,"template":"","format":"standard","meta":{"footnotes":""},"categories":[299,213],"tags":[],"class_list":{"0":"post-175110","1":"post","2":"type-post","3":"status-publish","4":"format-standard","5":"has-post-thumbnail","7":"category-notas-locales","8":"category-poza-rica"},"nelio_content":{"isAutoShareEnabled":true,"autoShareEndMode":"never","automationSources":{"useCustomSentences":false,"customSentences":[]},"followers":[],"suggestedReferences":[],"efiUrl":"","efiAlt":"","highlights":[],"permalinkQueryArgs":[],"series":[]},"_links":{"self":[{"href":"https:\/\/www.enteratever.com\/2023\/wp-json\/wp\/v2\/posts\/175110","targetHints":{"allow":["GET"]}}],"collection":[{"href":"https:\/\/www.enteratever.com\/2023\/wp-json\/wp\/v2\/posts"}],"about":[{"href":"https:\/\/www.enteratever.com\/2023\/wp-json\/wp\/v2\/types\/post"}],"author":[{"embeddable":true,"href":"https:\/\/www.enteratever.com\/2023\/wp-json\/wp\/v2\/users\/4"}],"replies":[{"embeddable":true,"href":"https:\/\/www.enteratever.com\/2023\/wp-json\/wp\/v2\/comments?post=175110"}],"version-history":[{"count":0,"href":"https:\/\/www.enteratever.com\/2023\/wp-json\/wp\/v2\/posts\/175110\/revisions"}],"wp:featuredmedia":[{"embeddable":true,"href":"https:\/\/www.enteratever.com\/2023\/wp-json\/wp\/v2\/media\/175111"}],"wp:attachment":[{"href":"https:\/\/www.enteratever.com\/2023\/wp-json\/wp\/v2\/media?parent=175110"}],"wp:term":[{"taxonomy":"category","embeddable":true,"href":"https:\/\/www.enteratever.com\/2023\/wp-json\/wp\/v2\/categories?post=175110"},{"taxonomy":"post_tag","embeddable":true,"href":"https:\/\/www.enteratever.com\/2023\/wp-json\/wp\/v2\/tags?post=175110"}],"curies":[{"name":"wp","href":"https:\/\/api.w.org\/{rel}","templated":true}]}}