{"id":174340,"date":"2021-08-16T03:32:10","date_gmt":"2021-08-16T03:32:10","guid":{"rendered":"https:\/\/www.enteratever.com\/2023\/canaco-poza-rica-exige-al-gobierno-federal-y-a-la-sct-que-se-invierta-a-la-reparacion-de-la-carretera-180\/"},"modified":"2021-08-16T03:32:10","modified_gmt":"2021-08-16T03:32:10","slug":"canaco-poza-rica-exige-al-gobierno-federal-y-a-la-sct-que-se-invierta-a-la-reparacion-de-la-carretera-180","status":"publish","type":"post","link":"https:\/\/www.enteratever.com\/2023\/2021\/08\/16\/canaco-poza-rica-exige-al-gobierno-federal-y-a-la-sct-que-se-invierta-a-la-reparacion-de-la-carretera-180\/","title":{"rendered":"Canaco Poza Rica exige al gobierno federal y a la SCT que se invierta a la reparaci\u00f3n de la carretera 180"},"content":{"rendered":"<p>Visitas: 0<\/p>\n<p class=\"wp-block-paragraph\">La C\u00e1mara Nacional de Comercio (Canaco) en Poza Rica exige al gobierno federal y a la Secretar\u00eda de Comunicaciones y Transportes que ponga atenci\u00f3n a las condiciones en las que se encuentran la carretera 180 en el tramo Palma Sola \u2013 Emilio Carranza, en donde las condiciones de esta v\u00eda de comunicaci\u00f3n son deplorables.<\/p>\n\n\n\n<p class=\"wp-block-paragraph\">De acuerdo con Francisco Javier L\u00f3pez G\u00f3mez, presidente de Canaco en la regi\u00f3n Poza Rica dijo que es lamentable las condiciones en las que se encuentra la carreta, ya que es bien sabido que en este tramo carretero se han suscitado varios accidentes, adem\u00e1s de que ponen en riego la vida de las personas que transitan por el lugar.<\/p>\n\n\n\n<p class=\"wp-block-paragraph\">Asegura que son varios los tramos carreteros que cuentan con varios baches que perjudican el libre tr\u00e1nsito, pues las autoridades no han invertido en la reparaci\u00f3n de los imperfectos que la mayor\u00eda de estos tienen a\u00f1os en el lugar y pasan sexenios y no hacen nada para reparar los da\u00f1os y los mas afectados son los que pasan por el lugar, pues muchas veces los autos sufren da\u00f1os.<\/p>\n\n\n\n<p class=\"wp-block-paragraph\">El poco mantenimiento realizado por el gobierno federal es ineficiente, adem\u00e1s de que no se cuenta con la maquinaria necesaria para poder realizar el trabajo, es por eso que exigen a las autoridades que inviertan mas en las carreteras de la zona, pues est\u00e1n seguros que en todo el pa\u00eds hay situaciones similares a la de la carretera 180.<\/p>\n\n\n\n<p class=\"wp-block-paragraph\">Cabe destacar que fue el mismo gobernador del estado quien dijo que se estar\u00eda comenzando los trabajos para ampliar a cuatro carriles dicha carretera, por lo que los integrantes de Canaco dijeron que lo principal es arreglar todos los imperfectos que tiene la carretera.<\/p>\n","protected":false},"excerpt":{"rendered":"<p>Visitas: 0 La C\u00e1mara Nacional de Comercio (Canaco) en Poza Rica exige al gobierno federal y a la Secretar\u00eda de Comunicaciones y Transportes que ponga atenci\u00f3n a las condiciones en las que se encuentran la carretera 180 en el tramo Palma Sola \u2013 Emilio Carranza, en donde las condiciones de esta v\u00eda de comunicaci\u00f3n son [&hellip;]<\/p>\n","protected":false},"author":4,"featured_media":174341,"comment_status":"open","ping_status":"open","sticky":false,"template":"","format":"standard","meta":{"footnotes":""},"categories":[213],"tags":[],"class_list":["post-174340","post","type-post","status-publish","format-standard","has-post-thumbnail","category-poza-rica"],"nelio_content":{"isAutoShareEnabled":true,"autoShareEndMode":"never","automationSources":{"useCustomSentences":false,"customSentences":[]},"followers":[],"suggestedReferences":[],"efiUrl":"","efiAlt":"","highlights":[],"permalinkQueryArgs":[],"series":[]},"_links":{"self":[{"href":"https:\/\/www.enteratever.com\/2023\/wp-json\/wp\/v2\/posts\/174340","targetHints":{"allow":["GET"]}}],"collection":[{"href":"https:\/\/www.enteratever.com\/2023\/wp-json\/wp\/v2\/posts"}],"about":[{"href":"https:\/\/www.enteratever.com\/2023\/wp-json\/wp\/v2\/types\/post"}],"author":[{"embeddable":true,"href":"https:\/\/www.enteratever.com\/2023\/wp-json\/wp\/v2\/users\/4"}],"replies":[{"embeddable":true,"href":"https:\/\/www.enteratever.com\/2023\/wp-json\/wp\/v2\/comments?post=174340"}],"version-history":[{"count":0,"href":"https:\/\/www.enteratever.com\/2023\/wp-json\/wp\/v2\/posts\/174340\/revisions"}],"wp:featuredmedia":[{"embeddable":true,"href":"https:\/\/www.enteratever.com\/2023\/wp-json\/wp\/v2\/media\/174341"}],"wp:attachment":[{"href":"https:\/\/www.enteratever.com\/2023\/wp-json\/wp\/v2\/media?parent=174340"}],"wp:term":[{"taxonomy":"category","embeddable":true,"href":"https:\/\/www.enteratever.com\/2023\/wp-json\/wp\/v2\/categories?post=174340"},{"taxonomy":"post_tag","embeddable":true,"href":"https:\/\/www.enteratever.com\/2023\/wp-json\/wp\/v2\/tags?post=174340"}],"curies":[{"name":"wp","href":"https:\/\/api.w.org\/{rel}","templated":true}]}}