{"id":174338,"date":"2021-08-13T20:25:01","date_gmt":"2021-08-13T20:25:01","guid":{"rendered":"https:\/\/www.enteratever.com\/2023\/berenice-rivera-busca-hacer-paro-con-taxistas-para-su-propio-beneficio\/"},"modified":"2021-08-13T20:25:01","modified_gmt":"2021-08-13T20:25:01","slug":"berenice-rivera-busca-hacer-paro-con-taxistas-para-su-propio-beneficio","status":"publish","type":"post","link":"https:\/\/www.enteratever.com\/2023\/2021\/08\/13\/berenice-rivera-busca-hacer-paro-con-taxistas-para-su-propio-beneficio\/","title":{"rendered":"Berenice Rivera busca hacer paro con taxistas para su propio beneficio"},"content":{"rendered":"<p>Visitas: 1<\/p>\n<p class=\"wp-block-paragraph\">Berenice Rivera de Jes\u00fas, L\u00edder de taxistas alianza por Veracruz, est\u00e1 convocando a los taxistas del municipio para la realizaci\u00f3n de un paro laboral esto debido a que argumenta que no est\u00e1 de acuerdo que los ni\u00f1os regresen a las escuelas, adem\u00e1s de que no quieren transitar solo con tres pasajeros, por lo que lanz\u00f3 la convocatoria.<\/p>\n\n\n\n<p class=\"wp-block-paragraph\">A trav\u00e9s de un audio la l\u00edder pide a los ruleteros no salir a trabajar para que los ciudadanos no tengan como transportarse y al mismo tiempo para que la polic\u00eda vial y tr\u00e1nsito entiendan que no los pueden andar parando a cada rato, adem\u00e1s de que el precio de la gasolina sigue incrementado, por lo que espera que los trabajadores del volante la apoyen.<\/p>\n\n\n\n<p class=\"wp-block-paragraph\">Hasta el momento no cuentan con una fecha como tal para realizar el paro de labores, cabe destacar que las unidades concesionadas no pueden realizar paros ni bloqueos de calles esto de acuerdo al reglamento, por lo que las unidades de alquiler son \u00fanicamente para prestar el servicio a la ciudadan\u00eda.<\/p>\n\n\n\n<p class=\"wp-block-paragraph\">Este paro supuestamente es para alzar la voz y no quedarse callado ante toda la situaci\u00f3n que est\u00e1n viviendo, por lo que pidi\u00f3 que el mensaje se corriera entre los taxistas y de los diferentes agrupaci\u00f3n para que sean m\u00e1s las personas que se sumen al para laboral que est\u00e1 planeando hacer.<\/p>\n\n\n\n<p class=\"wp-block-paragraph\">Cabe destacar que a los taxistas no es el \u00fanico sector que ha afectado, pero la pandemia a afectados a toda la poblaci\u00f3n, por lo que este tipo de acciones solo estar\u00e1n generando m\u00e1s afectaciones, est\u00e1s acciones las est\u00e1 tomando por qu\u00e9 las delegaciones no hacen lo que ella quiere y lo \u00fanico que est\u00e1 afectando es a los trabajadores.<\/p>\n","protected":false},"excerpt":{"rendered":"<p>Visitas: 1 Berenice Rivera de Jes\u00fas, L\u00edder de taxistas alianza por Veracruz, est\u00e1 convocando a los taxistas del municipio para la realizaci\u00f3n de un paro laboral esto debido a que argumenta que no est\u00e1 de acuerdo que los ni\u00f1os regresen a las escuelas, adem\u00e1s de que no quieren transitar solo con tres pasajeros, por lo [&hellip;]<\/p>\n","protected":false},"author":4,"featured_media":174339,"comment_status":"open","ping_status":"open","sticky":false,"template":"","format":"standard","meta":{"footnotes":""},"categories":[213],"tags":[],"class_list":["post-174338","post","type-post","status-publish","format-standard","has-post-thumbnail","category-poza-rica"],"nelio_content":{"isAutoShareEnabled":true,"autoShareEndMode":"never","automationSources":{"useCustomSentences":false,"customSentences":[]},"followers":[],"suggestedReferences":[],"efiUrl":"","efiAlt":"","highlights":[],"permalinkQueryArgs":[],"series":[]},"_links":{"self":[{"href":"https:\/\/www.enteratever.com\/2023\/wp-json\/wp\/v2\/posts\/174338","targetHints":{"allow":["GET"]}}],"collection":[{"href":"https:\/\/www.enteratever.com\/2023\/wp-json\/wp\/v2\/posts"}],"about":[{"href":"https:\/\/www.enteratever.com\/2023\/wp-json\/wp\/v2\/types\/post"}],"author":[{"embeddable":true,"href":"https:\/\/www.enteratever.com\/2023\/wp-json\/wp\/v2\/users\/4"}],"replies":[{"embeddable":true,"href":"https:\/\/www.enteratever.com\/2023\/wp-json\/wp\/v2\/comments?post=174338"}],"version-history":[{"count":0,"href":"https:\/\/www.enteratever.com\/2023\/wp-json\/wp\/v2\/posts\/174338\/revisions"}],"wp:featuredmedia":[{"embeddable":true,"href":"https:\/\/www.enteratever.com\/2023\/wp-json\/wp\/v2\/media\/174339"}],"wp:attachment":[{"href":"https:\/\/www.enteratever.com\/2023\/wp-json\/wp\/v2\/media?parent=174338"}],"wp:term":[{"taxonomy":"category","embeddable":true,"href":"https:\/\/www.enteratever.com\/2023\/wp-json\/wp\/v2\/categories?post=174338"},{"taxonomy":"post_tag","embeddable":true,"href":"https:\/\/www.enteratever.com\/2023\/wp-json\/wp\/v2\/tags?post=174338"}],"curies":[{"name":"wp","href":"https:\/\/api.w.org\/{rel}","templated":true}]}}