{"id":174336,"date":"2021-08-13T20:17:14","date_gmt":"2021-08-13T20:17:14","guid":{"rendered":"https:\/\/www.enteratever.com\/2023\/padres-de-familia-en-contra-de-que-ninos-regresen-a-clases-presenciales\/"},"modified":"2021-08-13T20:17:14","modified_gmt":"2021-08-13T20:17:14","slug":"padres-de-familia-en-contra-de-que-ninos-regresen-a-clases-presenciales","status":"publish","type":"post","link":"https:\/\/www.enteratever.com\/2023\/2021\/08\/13\/padres-de-familia-en-contra-de-que-ninos-regresen-a-clases-presenciales\/","title":{"rendered":"Padres de familia en contra de que ni\u00f1os regresen a clases presenciales"},"content":{"rendered":"<p>Visitas: 0<\/p>\n<p class=\"wp-block-paragraph\">Padres de familia est\u00e1n en contra de los ni\u00f1os regresen a clases presenciales, pues aseguran que podr\u00eda generar que aumente el n\u00famero de contagios y ahora sean los ni\u00f1os los que se infecten de covid-19, virus que ha matado a miles de personas en el pa\u00eds.<\/p>\n\n\n\n<p class=\"wp-block-paragraph\">Algunas madres de familia se\u00f1alaron que no existen las condiciones para que los menores regresen a clases, pues como los maestros van hacer para que todos los ni\u00f1os respeten las medidas cuando a pesar de que los grupos ser\u00e1n peque\u00f1os pero no pueden lograr estar a atr\u00e1s de cada uno de los alumnos.<\/p>\n\n\n\n<p class=\"wp-block-paragraph\">Algunos comentan que las autoridades no se ponen a pensar que los \u00fanicos que ya est\u00e1n vacunados son los docentes pero los ni\u00f1os no, es por eso que los menores corren peligro y esperan que las autoridades est\u00e9n consientes de esta situaci\u00f3n, pues en esta tercera ola de contagios los j\u00f3venes son los m\u00e1s afectados con el virus.<\/p>\n\n\n\n<p class=\"wp-block-paragraph\">\u00abYo digo que esta de pensarse, porque ahorita que estamos en sem\u00e1foro rojo, es muy dr\u00e1stico que los ni\u00f1os regresen a clases, estoy en contra del regreso a clases porque est\u00e1n en un grave peligro nuestros hijos\u00bb, expres\u00f3 M\u00f3nica Dom\u00ednguez, madre de familia.<\/p>\n\n\n\n<p class=\"wp-block-paragraph\">Cabe destacar que autoridades a nivel nacional dio a conocer que los alumnos de preescolar, primaria y secundaria iniciar\u00e1n el lunes 30 de agosto y finalizar\u00e1n el curso el 28 de julio del 2022, adem\u00e1s de que los padres de familia deber\u00e1n de firmar una carta compromiso de corresponsabilidad en donde los padres firmar\u00e1n para que los ni\u00f1os puedan acudir a sus clases presenciales.<\/p>\n\n\n\n<figure class=\"wp-block-gallery columns-1 wp-block-gallery-1 is-layout-flex wp-block-gallery-is-layout-flex\"><ul class=\"blocks-gallery-grid\"><li class=\"blocks-gallery-item\"><figure><img decoding=\"async\" src=\"https:\/\/www.enteratever.com\/2020\/wp-content\/uploads\/2021\/08\/WhatsApp-Image-2021-08-13-at-15.02.14.jpeg\" alt=\"\" data-id=\"52709\" data-full-url=\"https:\/\/www.enteratever.com\/2020\/wp-content\/uploads\/2021\/08\/WhatsApp-Image-2021-08-13-at-15.02.14.jpeg\" data-link=\"https:\/\/www.enteratever.com\/?attachment_id=52709\" class=\"wp-image-52709\"\/><\/figure><\/li><li class=\"blocks-gallery-item\"><figure><img decoding=\"async\" src=\"https:\/\/www.enteratever.com\/2020\/wp-content\/uploads\/2021\/08\/WhatsApp-Image-2021-08-13-at-15.02.16.jpeg\" alt=\"\" data-id=\"52710\" data-full-url=\"https:\/\/www.enteratever.com\/2020\/wp-content\/uploads\/2021\/08\/WhatsApp-Image-2021-08-13-at-15.02.16.jpeg\" data-link=\"https:\/\/www.enteratever.com\/?attachment_id=52710\" class=\"wp-image-52710\"\/><\/figure><\/li><li class=\"blocks-gallery-item\"><figure><img decoding=\"async\" src=\"https:\/\/www.enteratever.com\/2020\/wp-content\/uploads\/2021\/08\/WhatsApp-Image-2021-08-13-at-15.02.17.jpeg\" alt=\"\" data-id=\"52711\" data-full-url=\"https:\/\/www.enteratever.com\/2020\/wp-content\/uploads\/2021\/08\/WhatsApp-Image-2021-08-13-at-15.02.17.jpeg\" data-link=\"https:\/\/www.enteratever.com\/?attachment_id=52711\" class=\"wp-image-52711\"\/><\/figure><\/li><\/ul><\/figure>\n","protected":false},"excerpt":{"rendered":"<p>Visitas: 0 Padres de familia est\u00e1n en contra de los ni\u00f1os regresen a clases presenciales, pues aseguran que podr\u00eda generar que aumente el n\u00famero de contagios y ahora sean los ni\u00f1os los que se infecten de covid-19, virus que ha matado a miles de personas en el pa\u00eds. Algunas madres de familia se\u00f1alaron que no [&hellip;]<\/p>\n","protected":false},"author":4,"featured_media":174337,"comment_status":"open","ping_status":"open","sticky":false,"template":"","format":"standard","meta":{"footnotes":""},"categories":[213],"tags":[],"class_list":["post-174336","post","type-post","status-publish","format-standard","has-post-thumbnail","category-poza-rica"],"nelio_content":{"isAutoShareEnabled":true,"autoShareEndMode":"never","automationSources":{"useCustomSentences":false,"customSentences":[]},"followers":[],"suggestedReferences":[],"efiUrl":"","efiAlt":"","highlights":[],"permalinkQueryArgs":[],"series":[]},"_links":{"self":[{"href":"https:\/\/www.enteratever.com\/2023\/wp-json\/wp\/v2\/posts\/174336","targetHints":{"allow":["GET"]}}],"collection":[{"href":"https:\/\/www.enteratever.com\/2023\/wp-json\/wp\/v2\/posts"}],"about":[{"href":"https:\/\/www.enteratever.com\/2023\/wp-json\/wp\/v2\/types\/post"}],"author":[{"embeddable":true,"href":"https:\/\/www.enteratever.com\/2023\/wp-json\/wp\/v2\/users\/4"}],"replies":[{"embeddable":true,"href":"https:\/\/www.enteratever.com\/2023\/wp-json\/wp\/v2\/comments?post=174336"}],"version-history":[{"count":0,"href":"https:\/\/www.enteratever.com\/2023\/wp-json\/wp\/v2\/posts\/174336\/revisions"}],"wp:featuredmedia":[{"embeddable":true,"href":"https:\/\/www.enteratever.com\/2023\/wp-json\/wp\/v2\/media\/174337"}],"wp:attachment":[{"href":"https:\/\/www.enteratever.com\/2023\/wp-json\/wp\/v2\/media?parent=174336"}],"wp:term":[{"taxonomy":"category","embeddable":true,"href":"https:\/\/www.enteratever.com\/2023\/wp-json\/wp\/v2\/categories?post=174336"},{"taxonomy":"post_tag","embeddable":true,"href":"https:\/\/www.enteratever.com\/2023\/wp-json\/wp\/v2\/tags?post=174336"}],"curies":[{"name":"wp","href":"https:\/\/api.w.org\/{rel}","templated":true}]}}