{"id":174326,"date":"2021-08-12T22:11:23","date_gmt":"2021-08-12T22:11:23","guid":{"rendered":"https:\/\/www.enteratever.com\/2023\/delimitan-acceso-al-primer-cuadro-de-la-ciudad\/"},"modified":"2021-08-12T22:11:23","modified_gmt":"2021-08-12T22:11:23","slug":"delimitan-acceso-al-primer-cuadro-de-la-ciudad","status":"publish","type":"post","link":"https:\/\/www.enteratever.com\/2023\/2021\/08\/12\/delimitan-acceso-al-primer-cuadro-de-la-ciudad\/","title":{"rendered":"Delimitan acceso al primer cuadro de la ciudad"},"content":{"rendered":"<p>Visitas: 0<\/p>\n<p class=\"wp-block-paragraph\">C\u00f3mo parte de las acciones que se han implementado por parte del ayuntamiento de Poza Rica la ma\u00f1ana de este jueves 12 de agosto se instalaron varias vayas para que regular el acceso al primer cuadro de la ciudad, por lo que se espera que a trav\u00e9s de esta estrategia se pueda reducir el n\u00famero de contagios que se registran en la ciudad.<\/p>\n\n\n\n<p class=\"wp-block-paragraph\">Por instrucciones de las autoridades municipales la direcci\u00f3n de Tr\u00e1nsito del estado cercaron el centro de la ciudad, por lo que est\u00e1 acci\u00f3n sorprendi\u00f3 a varios ciudadanos que tuvieron que dejar sus veh\u00edculos en otros puntos de la ciudad y caminar para realizar sus compras.<\/p>\n\n\n\n<p class=\"wp-block-paragraph\">En esta nueva acci\u00f3n est\u00e1n participando los elementos de la polic\u00eda municipal, los cuales est\u00e1n revisando que la poblaci\u00f3n cuente con cubrebocas para poder ingresar al centro de la ciudad, adem\u00e1s revisar que est\u00e9n respetando la sanan distancia y los protocolos sanitarios.<\/p>\n\n\n\n<p class=\"wp-block-paragraph\">Est\u00e1s acciones estar\u00e1n hasta el pr\u00f3ximo 16 de agosto, esto por decreto \u00f1 oficial de las autoridades estatales, en los municipios con el mayor n\u00famero de casos de contagios por lo que esperan que con esta medidas puedan bajar el contagio pues son varios los estados que se mantienen en color rojo de acuerdo al sem\u00e1foro epidemiol\u00f3gico.<\/p>\n\n\n\n<p class=\"wp-block-paragraph\">Por lo que a largo de lo d\u00edas se ir\u00e1n implementando nuevas medidas restrictivas, por lo que la poblaci\u00f3n deber\u00e1 de respetar para evitar ser contagiados, ya que en esta tercera ola de contagios los hospitales comienzan a presentar un sobrecupo y los contagios siguen aumentando.<\/p>\n\n\n\n<figure class=\"wp-block-gallery columns-1 wp-block-gallery-1 is-layout-flex wp-block-gallery-is-layout-flex\"><ul class=\"blocks-gallery-grid\"><li class=\"blocks-gallery-item\"><figure><img decoding=\"async\" src=\"https:\/\/www.enteratever.com\/2020\/wp-content\/uploads\/2021\/08\/WhatsApp-Image-2021-08-12-at-14.45.24.jpeg\" alt=\"\" data-id=\"52626\" data-full-url=\"https:\/\/www.enteratever.com\/2020\/wp-content\/uploads\/2021\/08\/WhatsApp-Image-2021-08-12-at-14.45.24.jpeg\" data-link=\"https:\/\/www.enteratever.com\/?attachment_id=52626\" class=\"wp-image-52626\"\/><\/figure><\/li><li class=\"blocks-gallery-item\"><figure><img decoding=\"async\" src=\"https:\/\/www.enteratever.com\/2020\/wp-content\/uploads\/2021\/08\/WhatsApp-Image-2021-08-12-at-14.45.25.jpeg\" alt=\"\" data-id=\"52627\" data-full-url=\"https:\/\/www.enteratever.com\/2020\/wp-content\/uploads\/2021\/08\/WhatsApp-Image-2021-08-12-at-14.45.25.jpeg\" data-link=\"https:\/\/www.enteratever.com\/?attachment_id=52627\" class=\"wp-image-52627\"\/><\/figure><\/li><li class=\"blocks-gallery-item\"><figure><img decoding=\"async\" src=\"https:\/\/www.enteratever.com\/2020\/wp-content\/uploads\/2021\/08\/WhatsApp-Image-2021-08-12-at-14.45.26.jpeg\" alt=\"\" data-id=\"52628\" data-full-url=\"https:\/\/www.enteratever.com\/2020\/wp-content\/uploads\/2021\/08\/WhatsApp-Image-2021-08-12-at-14.45.26.jpeg\" data-link=\"https:\/\/www.enteratever.com\/?attachment_id=52628\" class=\"wp-image-52628\"\/><\/figure><\/li><\/ul><\/figure>\n","protected":false},"excerpt":{"rendered":"<p>Visitas: 0 C\u00f3mo parte de las acciones que se han implementado por parte del ayuntamiento de Poza Rica la ma\u00f1ana de este jueves 12 de agosto se instalaron varias vayas para que regular el acceso al primer cuadro de la ciudad, por lo que se espera que a trav\u00e9s de esta estrategia se pueda reducir [&hellip;]<\/p>\n","protected":false},"author":4,"featured_media":174327,"comment_status":"open","ping_status":"open","sticky":false,"template":"","format":"standard","meta":{"footnotes":""},"categories":[213],"tags":[],"class_list":["post-174326","post","type-post","status-publish","format-standard","has-post-thumbnail","category-poza-rica"],"nelio_content":{"isAutoShareEnabled":true,"autoShareEndMode":"never","automationSources":{"useCustomSentences":false,"customSentences":[]},"followers":[],"suggestedReferences":[],"efiUrl":"","efiAlt":"","highlights":[],"permalinkQueryArgs":[],"series":[]},"_links":{"self":[{"href":"https:\/\/www.enteratever.com\/2023\/wp-json\/wp\/v2\/posts\/174326","targetHints":{"allow":["GET"]}}],"collection":[{"href":"https:\/\/www.enteratever.com\/2023\/wp-json\/wp\/v2\/posts"}],"about":[{"href":"https:\/\/www.enteratever.com\/2023\/wp-json\/wp\/v2\/types\/post"}],"author":[{"embeddable":true,"href":"https:\/\/www.enteratever.com\/2023\/wp-json\/wp\/v2\/users\/4"}],"replies":[{"embeddable":true,"href":"https:\/\/www.enteratever.com\/2023\/wp-json\/wp\/v2\/comments?post=174326"}],"version-history":[{"count":0,"href":"https:\/\/www.enteratever.com\/2023\/wp-json\/wp\/v2\/posts\/174326\/revisions"}],"wp:featuredmedia":[{"embeddable":true,"href":"https:\/\/www.enteratever.com\/2023\/wp-json\/wp\/v2\/media\/174327"}],"wp:attachment":[{"href":"https:\/\/www.enteratever.com\/2023\/wp-json\/wp\/v2\/media?parent=174326"}],"wp:term":[{"taxonomy":"category","embeddable":true,"href":"https:\/\/www.enteratever.com\/2023\/wp-json\/wp\/v2\/categories?post=174326"},{"taxonomy":"post_tag","embeddable":true,"href":"https:\/\/www.enteratever.com\/2023\/wp-json\/wp\/v2\/tags?post=174326"}],"curies":[{"name":"wp","href":"https:\/\/api.w.org\/{rel}","templated":true}]}}