{"id":174324,"date":"2021-08-11T22:57:48","date_gmt":"2021-08-11T22:57:48","guid":{"rendered":"https:\/\/www.enteratever.com\/2023\/crit-veracruz-continuara-trabajando-con-normalidad\/"},"modified":"2021-08-11T22:57:48","modified_gmt":"2021-08-11T22:57:48","slug":"crit-veracruz-continuara-trabajando-con-normalidad","status":"publish","type":"post","link":"https:\/\/www.enteratever.com\/2023\/2021\/08\/11\/crit-veracruz-continuara-trabajando-con-normalidad\/","title":{"rendered":"CRIT Veracruz continuar\u00e1 trabajando con normalidad"},"content":{"rendered":"<p>Visitas: 1<\/p>\n<p class=\"wp-block-paragraph\">A pesar del incremento en casos de covid-19 en el municipio el Centro de Rehabilitaci\u00f3n Infantil Telet\u00f3n (Crit) Veracruz contin\u00faan con la atenci\u00f3n normal de pacientes solo que ahora se le permite ingresar a un acompa\u00f1ante del menor, esto para evitar aglomeraciones de personas a dentro de las instalaciones, as\u00ed lo dio a conocer \u00c1ngel Ren\u00e9 Zavaleta Mora, Director General del Crit.<\/p>\n\n\n\n<p class=\"wp-block-paragraph\">En entrevista, coment\u00f3 que hasta el momento no se tiene contemplado el cierre del centro, ya que la atenci\u00f3n de sus pacientes est\u00e1 considerada como un servicio esencial, adem\u00e1s de que las citas de los pacientes son escalonadas para as\u00ed evitar que haya mucha gente en las instalaciones, es por eso que est\u00e1n cuidando que se respeten las medidas sanitarias.<\/p>\n\n\n\n<p class=\"wp-block-paragraph\">Destac\u00f3 que hay padres de familia que han tomado la determinaci\u00f3n de no llevar a sus hijos hasta que la situaci\u00f3n sanitaria mejore, pues muchas veces vienen de lugares retirados y tienen que moverse en el transporte p\u00fablico, lo que consideran inseguro para los sus familiares que cuentan con alguna dificultad, por lo que el Crit respeta la decisi\u00f3n que ellos tomen.<\/p>\n\n\n\n<p class=\"wp-block-paragraph\">Para los menores que no est\u00e1n acudiendo al Centro de Rehabilitaci\u00f3n las terapias se est\u00e1n otorgando a trav\u00e9s de v\u00eda Zoom, por lo que la plataforma ha sido de gran importancia para que los ni\u00f1os puedan continuar con su terapia, ya que record\u00f3 que los ni\u00f1os con alguna discapacidad no pueden pasar tanto tiempo sin sus ejercicios, ya que esto podr\u00eda representa un retroceso a los avances que presenten.<\/p>\n\n\n\n<p class=\"wp-block-paragraph\">Por \u00faltimo se\u00f1al\u00f3 que al acompa\u00f1ante del paciente debe portar su cubrebocas, utilizar gel antibacterial, en caso de ser mujer traer el pelo recogido y guardar la sana distancia, en caso de venir acompa\u00f1ado de m\u00e1s personas se cuenta con una carpa para que puedan esperar a que tomen su terapia.<\/p>\n\n\n\n<figure class=\"wp-block-gallery columns-1 wp-block-gallery-1 is-layout-flex wp-block-gallery-is-layout-flex\"><ul class=\"blocks-gallery-grid\"><li class=\"blocks-gallery-item\"><figure><img decoding=\"async\" src=\"https:\/\/www.enteratever.com\/2020\/wp-content\/uploads\/2021\/08\/WhatsApp-Image-2021-08-11-at-17.46.41.jpeg\" alt=\"\" data-id=\"52554\" data-full-url=\"https:\/\/www.enteratever.com\/2020\/wp-content\/uploads\/2021\/08\/WhatsApp-Image-2021-08-11-at-17.46.41.jpeg\" data-link=\"https:\/\/www.enteratever.com\/?attachment_id=52554\" class=\"wp-image-52554\"\/><\/figure><\/li><li class=\"blocks-gallery-item\"><figure><img decoding=\"async\" src=\"https:\/\/www.enteratever.com\/2020\/wp-content\/uploads\/2021\/08\/WhatsApp-Image-2021-08-11-at-17.46.43.jpeg\" alt=\"\" data-id=\"52555\" data-full-url=\"https:\/\/www.enteratever.com\/2020\/wp-content\/uploads\/2021\/08\/WhatsApp-Image-2021-08-11-at-17.46.43.jpeg\" data-link=\"https:\/\/www.enteratever.com\/?attachment_id=52555\" class=\"wp-image-52555\"\/><\/figure><\/li><\/ul><\/figure>\n","protected":false},"excerpt":{"rendered":"<p>Visitas: 1 A pesar del incremento en casos de covid-19 en el municipio el Centro de Rehabilitaci\u00f3n Infantil Telet\u00f3n (Crit) Veracruz contin\u00faan con la atenci\u00f3n normal de pacientes solo que ahora se le permite ingresar a un acompa\u00f1ante del menor, esto para evitar aglomeraciones de personas a dentro de las instalaciones, as\u00ed lo dio a [&hellip;]<\/p>\n","protected":false},"author":4,"featured_media":174325,"comment_status":"open","ping_status":"open","sticky":false,"template":"","format":"standard","meta":{"footnotes":""},"categories":[213],"tags":[],"class_list":["post-174324","post","type-post","status-publish","format-standard","has-post-thumbnail","category-poza-rica"],"nelio_content":{"isAutoShareEnabled":true,"autoShareEndMode":"never","automationSources":{"useCustomSentences":false,"customSentences":[]},"followers":[],"suggestedReferences":[],"efiUrl":"","efiAlt":"","highlights":[],"permalinkQueryArgs":[],"series":[]},"_links":{"self":[{"href":"https:\/\/www.enteratever.com\/2023\/wp-json\/wp\/v2\/posts\/174324","targetHints":{"allow":["GET"]}}],"collection":[{"href":"https:\/\/www.enteratever.com\/2023\/wp-json\/wp\/v2\/posts"}],"about":[{"href":"https:\/\/www.enteratever.com\/2023\/wp-json\/wp\/v2\/types\/post"}],"author":[{"embeddable":true,"href":"https:\/\/www.enteratever.com\/2023\/wp-json\/wp\/v2\/users\/4"}],"replies":[{"embeddable":true,"href":"https:\/\/www.enteratever.com\/2023\/wp-json\/wp\/v2\/comments?post=174324"}],"version-history":[{"count":0,"href":"https:\/\/www.enteratever.com\/2023\/wp-json\/wp\/v2\/posts\/174324\/revisions"}],"wp:featuredmedia":[{"embeddable":true,"href":"https:\/\/www.enteratever.com\/2023\/wp-json\/wp\/v2\/media\/174325"}],"wp:attachment":[{"href":"https:\/\/www.enteratever.com\/2023\/wp-json\/wp\/v2\/media?parent=174324"}],"wp:term":[{"taxonomy":"category","embeddable":true,"href":"https:\/\/www.enteratever.com\/2023\/wp-json\/wp\/v2\/categories?post=174324"},{"taxonomy":"post_tag","embeddable":true,"href":"https:\/\/www.enteratever.com\/2023\/wp-json\/wp\/v2\/tags?post=174324"}],"curies":[{"name":"wp","href":"https:\/\/api.w.org\/{rel}","templated":true}]}}