{"id":174322,"date":"2021-08-11T22:32:27","date_gmt":"2021-08-11T22:32:27","guid":{"rendered":"https:\/\/www.enteratever.com\/2023\/jose-manzo-denes-cuenta-con-el-respaldo-de-docentes-y-alumnos-de-la-uv\/"},"modified":"2021-08-11T22:32:27","modified_gmt":"2021-08-11T22:32:27","slug":"jose-manzo-denes-cuenta-con-el-respaldo-de-docentes-y-alumnos-de-la-uv","status":"publish","type":"post","link":"https:\/\/www.enteratever.com\/2023\/2021\/08\/11\/jose-manzo-denes-cuenta-con-el-respaldo-de-docentes-y-alumnos-de-la-uv\/","title":{"rendered":"Jos\u00e9 Manzo Denes cuenta con el respaldo de docentes y alumnos de la UV"},"content":{"rendered":"<p>Visitas: 0<\/p>\n<p class=\"wp-block-paragraph\">Durante la visita de Jos\u00e9 Manzo Denes, aspirante a la rector\u00eda de la Universidad Veracruzana (UV) asegura que desde los estudiante, los docentes y cient\u00edficos le han externado su apoyo y que el sea una de las personas que est\u00e9 participando por la rector\u00eda de la m\u00e1xima casa de estudios, lo que representa un sistema de calidad.<\/p>\n\n\n\n<p class=\"wp-block-paragraph\">En rueda de prensa el aspirante inform\u00f3 que es el \u00fanico que cuenta con formaci\u00f3n cient\u00edfica, lo que le da un plus a comparaci\u00f3n de sus compa\u00f1eros que tambi\u00e9n est\u00e1n buscando la rector\u00eda de la UV, adem\u00e1s de que tiene varias especialidades que le permiten tener una mejor visi\u00f3n para la m\u00e1xima casa de estudios.<\/p>\n\n\n\n<p class=\"wp-block-paragraph\">Resalt\u00f3 que es investigador del campo de las neurociencias, con especialidad en el autismo; es docente del Doctorado en Investigaciones Cerebrales; profesor con perfil PRODEP; miembro del Sistema Nacional de Investigadores y miembro de la Academia Mexicana de Ciencias<\/p>\n\n\n\n<p class=\"wp-block-paragraph\">Adem\u00e1s de que fue Coordinador de la Maestr\u00eda y Doctorado en Neuroetolog\u00eda, as\u00ed como fundador y director del ahora Instituto de Investigaciones Cerebrales y organiz\u00f3 m\u00faltiples actividades docentes, as\u00ed como conferencista en diversas instituciones, lo que le ha permitido saber que es lo que le hace falta a la universidad que alberga a miles de veracruzanos.<\/p>\n\n\n\n<p class=\"wp-block-paragraph\">Destac\u00f3 que a partir de esta fecha se entrar\u00e1 en un proceso en donde la comunidad universitaria podr\u00e1 analizar cada una de las propuestas que se tiene con respecto a los aspirantes a la rector\u00eda de la Universidad Veracruzana, este proceso concluye el primero de septiembre con la toma de protesta de qui\u00e9n resulte el ganador de la elecci\u00f3n interna que se estar\u00e1 realizando.<\/p>\n\n\n\n<figure class=\"wp-block-gallery columns-1 wp-block-gallery-1 is-layout-flex wp-block-gallery-is-layout-flex\"><ul class=\"blocks-gallery-grid\"><li class=\"blocks-gallery-item\"><figure><img decoding=\"async\" src=\"https:\/\/www.enteratever.com\/2020\/wp-content\/uploads\/2021\/08\/WhatsApp-Image-2021-08-11-at-17.01.40.jpeg\" alt=\"\" data-id=\"52547\" data-full-url=\"https:\/\/www.enteratever.com\/2020\/wp-content\/uploads\/2021\/08\/WhatsApp-Image-2021-08-11-at-17.01.40.jpeg\" data-link=\"https:\/\/www.enteratever.com\/?attachment_id=52547\" class=\"wp-image-52547\"\/><\/figure><\/li><li class=\"blocks-gallery-item\"><figure><img decoding=\"async\" src=\"https:\/\/www.enteratever.com\/2020\/wp-content\/uploads\/2021\/08\/WhatsApp-Image-2021-08-11-at-17.01.41.jpeg\" alt=\"\" data-id=\"52548\" data-full-url=\"https:\/\/www.enteratever.com\/2020\/wp-content\/uploads\/2021\/08\/WhatsApp-Image-2021-08-11-at-17.01.41.jpeg\" data-link=\"https:\/\/www.enteratever.com\/?attachment_id=52548\" class=\"wp-image-52548\"\/><\/figure><\/li><li class=\"blocks-gallery-item\"><figure><img decoding=\"async\" src=\"https:\/\/www.enteratever.com\/2020\/wp-content\/uploads\/2021\/08\/WhatsApp-Image-2021-08-11-at-17.01.42.jpeg\" alt=\"\" data-id=\"52549\" data-full-url=\"https:\/\/www.enteratever.com\/2020\/wp-content\/uploads\/2021\/08\/WhatsApp-Image-2021-08-11-at-17.01.42.jpeg\" data-link=\"https:\/\/www.enteratever.com\/?attachment_id=52549\" class=\"wp-image-52549\"\/><\/figure><\/li><\/ul><\/figure>\n","protected":false},"excerpt":{"rendered":"<p>Visitas: 0 Durante la visita de Jos\u00e9 Manzo Denes, aspirante a la rector\u00eda de la Universidad Veracruzana (UV) asegura que desde los estudiante, los docentes y cient\u00edficos le han externado su apoyo y que el sea una de las personas que est\u00e9 participando por la rector\u00eda de la m\u00e1xima casa de estudios, lo que representa [&hellip;]<\/p>\n","protected":false},"author":4,"featured_media":174323,"comment_status":"open","ping_status":"open","sticky":false,"template":"","format":"standard","meta":{"footnotes":""},"categories":[213],"tags":[],"class_list":["post-174322","post","type-post","status-publish","format-standard","has-post-thumbnail","category-poza-rica"],"nelio_content":{"isAutoShareEnabled":true,"autoShareEndMode":"never","automationSources":{"useCustomSentences":false,"customSentences":[]},"followers":[],"suggestedReferences":[],"efiUrl":"","efiAlt":"","highlights":[],"permalinkQueryArgs":[],"series":[]},"_links":{"self":[{"href":"https:\/\/www.enteratever.com\/2023\/wp-json\/wp\/v2\/posts\/174322","targetHints":{"allow":["GET"]}}],"collection":[{"href":"https:\/\/www.enteratever.com\/2023\/wp-json\/wp\/v2\/posts"}],"about":[{"href":"https:\/\/www.enteratever.com\/2023\/wp-json\/wp\/v2\/types\/post"}],"author":[{"embeddable":true,"href":"https:\/\/www.enteratever.com\/2023\/wp-json\/wp\/v2\/users\/4"}],"replies":[{"embeddable":true,"href":"https:\/\/www.enteratever.com\/2023\/wp-json\/wp\/v2\/comments?post=174322"}],"version-history":[{"count":0,"href":"https:\/\/www.enteratever.com\/2023\/wp-json\/wp\/v2\/posts\/174322\/revisions"}],"wp:featuredmedia":[{"embeddable":true,"href":"https:\/\/www.enteratever.com\/2023\/wp-json\/wp\/v2\/media\/174323"}],"wp:attachment":[{"href":"https:\/\/www.enteratever.com\/2023\/wp-json\/wp\/v2\/media?parent=174322"}],"wp:term":[{"taxonomy":"category","embeddable":true,"href":"https:\/\/www.enteratever.com\/2023\/wp-json\/wp\/v2\/categories?post=174322"},{"taxonomy":"post_tag","embeddable":true,"href":"https:\/\/www.enteratever.com\/2023\/wp-json\/wp\/v2\/tags?post=174322"}],"curies":[{"name":"wp","href":"https:\/\/api.w.org\/{rel}","templated":true}]}}