{"id":174318,"date":"2021-08-10T19:36:59","date_gmt":"2021-08-10T19:36:59","guid":{"rendered":"https:\/\/www.enteratever.com\/2023\/el-imss-en-poza-rica-se-quesada-sin-camas-para-enfermos-de-covid-19\/"},"modified":"2021-08-10T19:36:59","modified_gmt":"2021-08-10T19:36:59","slug":"el-imss-en-poza-rica-se-quesada-sin-camas-para-enfermos-de-covid-19","status":"publish","type":"post","link":"https:\/\/www.enteratever.com\/2023\/2021\/08\/10\/el-imss-en-poza-rica-se-quesada-sin-camas-para-enfermos-de-covid-19\/","title":{"rendered":"IMSS se queda sin camas para enfermos de Covid-19"},"content":{"rendered":"<p>Visitas: 1<\/p>\n<p class=\"wp-block-paragraph\">Debido al alto n\u00famero de contagios de covid-19 que existen en el municipio petrolero el hospital del Instituto Mexicano del Seguro Social (IMSS) ha tenido que dejar de aceptar a pacientes enfermos de covid-19, esto debido a que ya no se cuenta con camas ni soportes de ventilaci\u00f3n, ya que este se encuentra a su m\u00e1xima capacidad.<\/p>\n\n\n\n<p class=\"wp-block-paragraph\">Como anteriormente se les hab\u00eda dado a conocer durante esta tercera ola de contagios el IMSS fue el hospital en donde la poblaci\u00f3n estuvo llevando a sus familiares enfermos, por lo que el hospital se encuentra a su m\u00e1xima ocupaci\u00f3n hospitalaria, por lo que la ma\u00f1ana de este martes ya no estuvieron aceptando a personas que se encuentra en calidad de gravedad.<\/p>\n\n\n\n<p class=\"wp-block-paragraph\">Se trata de un masculino del municipio de Coatzintla que fue trasladado a la cl\u00ednica 24 del IMSS, pero al llegar el personal del \u00e1rea Covid no lo pudieron aceptar ya que no se cuenta con camas y ventiladores por lo que a pesar de que la familia solicit\u00f3 que se le ingresara el personal les explicaron que ya no pod\u00edan tener ah\u00ed por lo que se le brindaron los servicios de primeros auxilios.<\/p>\n\n\n\n<p class=\"wp-block-paragraph\">Debido a la situaci\u00f3n que se vive en el IMSS fue enviado a otro nosocomio de la ciudad en donde se cuenta con salas Covid para que fuera atendido, esta situaci\u00f3n no solo pasa en el esta cl\u00ednica sino tambi\u00e9n en el hospital Regional de Poza Rica tampoco se cuenta con cupo para los pacientes, por lo que tiene que buscar a donde enviarlos.<\/p>\n\n\n\n<p class=\"wp-block-paragraph\">Cabe destacar que el IMSS cuenta con 20 camas de las cuales todas est\u00e1n ocupadas, situaci\u00f3n que es alarmante debido a que los hospitales cada vez llegan a su cupo limite y siguen incrementando el numero de contagiados, es por eso que la ciudadan\u00eda debe de ser mas consciente de la dif\u00edcil situaci\u00f3n que se esta viviendo.<\/p>\n\n\n\n<figure class=\"wp-block-gallery columns-1 wp-block-gallery-1 is-layout-flex wp-block-gallery-is-layout-flex\"><ul class=\"blocks-gallery-grid\"><li class=\"blocks-gallery-item\"><figure><img decoding=\"async\" src=\"https:\/\/www.enteratever.com\/2020\/wp-content\/uploads\/2021\/08\/WhatsApp-Image-2021-08-10-at-14.01.25.jpeg\" alt=\"\" data-id=\"52477\" data-full-url=\"https:\/\/www.enteratever.com\/2020\/wp-content\/uploads\/2021\/08\/WhatsApp-Image-2021-08-10-at-14.01.25.jpeg\" data-link=\"https:\/\/www.enteratever.com\/?attachment_id=52477\" class=\"wp-image-52477\"\/><\/figure><\/li><li class=\"blocks-gallery-item\"><figure><img decoding=\"async\" src=\"https:\/\/www.enteratever.com\/2020\/wp-content\/uploads\/2021\/08\/WhatsApp-Image-2021-08-10-at-14.01.26.jpeg\" alt=\"\" data-id=\"52478\" data-full-url=\"https:\/\/www.enteratever.com\/2020\/wp-content\/uploads\/2021\/08\/WhatsApp-Image-2021-08-10-at-14.01.26.jpeg\" data-link=\"https:\/\/www.enteratever.com\/?attachment_id=52478\" class=\"wp-image-52478\"\/><\/figure><\/li><\/ul><\/figure>\n","protected":false},"excerpt":{"rendered":"<p>Visitas: 1 Debido al alto n\u00famero de contagios de covid-19 que existen en el municipio petrolero el hospital del Instituto Mexicano del Seguro Social (IMSS) ha tenido que dejar de aceptar a pacientes enfermos de covid-19, esto debido a que ya no se cuenta con camas ni soportes de ventilaci\u00f3n, ya que este se encuentra [&hellip;]<\/p>\n","protected":false},"author":4,"featured_media":174319,"comment_status":"open","ping_status":"open","sticky":false,"template":"","format":"standard","meta":{"footnotes":""},"categories":[213],"tags":[],"class_list":["post-174318","post","type-post","status-publish","format-standard","has-post-thumbnail","category-poza-rica"],"nelio_content":{"isAutoShareEnabled":true,"autoShareEndMode":"never","automationSources":{"useCustomSentences":false,"customSentences":[]},"followers":[],"suggestedReferences":[],"efiUrl":"","efiAlt":"","highlights":[],"permalinkQueryArgs":[],"series":[]},"_links":{"self":[{"href":"https:\/\/www.enteratever.com\/2023\/wp-json\/wp\/v2\/posts\/174318","targetHints":{"allow":["GET"]}}],"collection":[{"href":"https:\/\/www.enteratever.com\/2023\/wp-json\/wp\/v2\/posts"}],"about":[{"href":"https:\/\/www.enteratever.com\/2023\/wp-json\/wp\/v2\/types\/post"}],"author":[{"embeddable":true,"href":"https:\/\/www.enteratever.com\/2023\/wp-json\/wp\/v2\/users\/4"}],"replies":[{"embeddable":true,"href":"https:\/\/www.enteratever.com\/2023\/wp-json\/wp\/v2\/comments?post=174318"}],"version-history":[{"count":0,"href":"https:\/\/www.enteratever.com\/2023\/wp-json\/wp\/v2\/posts\/174318\/revisions"}],"wp:featuredmedia":[{"embeddable":true,"href":"https:\/\/www.enteratever.com\/2023\/wp-json\/wp\/v2\/media\/174319"}],"wp:attachment":[{"href":"https:\/\/www.enteratever.com\/2023\/wp-json\/wp\/v2\/media?parent=174318"}],"wp:term":[{"taxonomy":"category","embeddable":true,"href":"https:\/\/www.enteratever.com\/2023\/wp-json\/wp\/v2\/categories?post=174318"},{"taxonomy":"post_tag","embeddable":true,"href":"https:\/\/www.enteratever.com\/2023\/wp-json\/wp\/v2\/tags?post=174318"}],"curies":[{"name":"wp","href":"https:\/\/api.w.org\/{rel}","templated":true}]}}