{"id":174308,"date":"2021-08-10T01:49:18","date_gmt":"2021-08-10T01:49:18","guid":{"rendered":"https:\/\/www.enteratever.com\/2023\/en-poza-rica-todos-los-comercios-podran-trabajar-sin-problema-alguno\/"},"modified":"2021-08-10T01:49:18","modified_gmt":"2021-08-10T01:49:18","slug":"en-poza-rica-todos-los-comercios-podran-trabajar-sin-problema-alguno","status":"publish","type":"post","link":"https:\/\/www.enteratever.com\/2023\/2021\/08\/10\/en-poza-rica-todos-los-comercios-podran-trabajar-sin-problema-alguno\/","title":{"rendered":"En Poza Rica todos los comercios podr\u00e1n trabajar sin problema alguno"},"content":{"rendered":"<p>Visitas: 0<\/p>\n<p class=\"wp-block-paragraph\">Luego de que el gobernador del estado, Cuitl\u00e1huac Garc\u00eda Jim\u00e9nez diera a conocer el decreto que todos los comercios deber\u00e1n de estar abiertos para que puedan buscar la reactivaci\u00f3n econ\u00f3mica, por lo que deber\u00e1n de respetar los aforos que se les permita de acuerdo al sem\u00e1foro epidemiol\u00f3gico, sin embargo, el municipio de Poza Rica se encuentra en color rojo, lo que representa que existe un alto \u00edndice de contagios.<\/p>\n\n\n\n<p class=\"wp-block-paragraph\">En entrevista Abelardo Aguirre Guerrero, director de Desarrollo Social y Humano, dio a conocer que con esta nueva modificaci\u00f3n permitir\u00e1 que los comercios puedan continuar trabajando siempre y cuando se respeten las medidas sanitarias para reducir el numero de contagios que se vienen presentando en la ciudad.<\/p>\n\n\n\n<p class=\"wp-block-paragraph\">Se\u00f1al\u00f3 que contin\u00faan teniendo reuniones virtuales con el alcalde para conocer cu\u00e1les ser\u00e1n las restricciones que se estar\u00e1n aplicando en el municipio petrolero, pues esto no quiere decir que no estar\u00e1n manteniendo las medidas sanitarias necesarias, ya que Poza Rica aun sigue en los primeros lugares de la entidad con m\u00e1s casos confirmados.<\/p>\n\n\n\n<p class=\"wp-block-paragraph\">Se espera que en las pr\u00f3ximas horas el alcalde salga a dar un comunicado para conocer cu\u00e1les ser\u00e1n las restricciones que se estar\u00e1n aplicando en el municipio, por lo que invit\u00f3 a la poblaci\u00f3n y a los comerciantes a estar atentos de la pagina oficial del ayuntamiento en donde se estar\u00e1 dando a conocer dichas medidas.<\/p>\n\n\n\n<p class=\"wp-block-paragraph\">Cabe destacar que, en Poza Rica bares, cantinas, antros y algunos restaurantes-bar se encuentran cerrados para evitar las aglomeraciones de las personas y en d\u00edas pasados fue cuando los encargados y due\u00f1os de este tipo de establecimientos se quejaron el por qu\u00e9 no les permit\u00edan trabajar.<\/p>\n\n\n\n<figure class=\"wp-block-gallery columns-1 wp-block-gallery-1 is-layout-flex wp-block-gallery-is-layout-flex\"><ul class=\"blocks-gallery-grid\"><li class=\"blocks-gallery-item\"><figure><img decoding=\"async\" src=\"https:\/\/www.enteratever.com\/2020\/wp-content\/uploads\/2021\/08\/WhatsApp-Image-2021-08-09-at-16.51.51.jpeg\" alt=\"\" data-id=\"52370\" data-full-url=\"https:\/\/www.enteratever.com\/2020\/wp-content\/uploads\/2021\/08\/WhatsApp-Image-2021-08-09-at-16.51.51.jpeg\" data-link=\"https:\/\/www.enteratever.com\/?attachment_id=52370\" class=\"wp-image-52370\"\/><\/figure><\/li><li class=\"blocks-gallery-item\"><figure><img decoding=\"async\" src=\"https:\/\/www.enteratever.com\/2020\/wp-content\/uploads\/2021\/08\/WhatsApp-Image-2021-08-09-at-16.52.04.jpeg\" alt=\"\" data-id=\"52371\" data-full-url=\"https:\/\/www.enteratever.com\/2020\/wp-content\/uploads\/2021\/08\/WhatsApp-Image-2021-08-09-at-16.52.04.jpeg\" data-link=\"https:\/\/www.enteratever.com\/?attachment_id=52371\" class=\"wp-image-52371\"\/><\/figure><\/li><\/ul><\/figure>\n","protected":false},"excerpt":{"rendered":"<p>Visitas: 0 Luego de que el gobernador del estado, Cuitl\u00e1huac Garc\u00eda Jim\u00e9nez diera a conocer el decreto que todos los comercios deber\u00e1n de estar abiertos para que puedan buscar la reactivaci\u00f3n econ\u00f3mica, por lo que deber\u00e1n de respetar los aforos que se les permita de acuerdo al sem\u00e1foro epidemiol\u00f3gico, sin embargo, el municipio de Poza [&hellip;]<\/p>\n","protected":false},"author":4,"featured_media":174309,"comment_status":"open","ping_status":"open","sticky":false,"template":"","format":"standard","meta":{"footnotes":""},"categories":[213],"tags":[],"class_list":["post-174308","post","type-post","status-publish","format-standard","has-post-thumbnail","category-poza-rica"],"nelio_content":{"isAutoShareEnabled":true,"autoShareEndMode":"never","automationSources":{"useCustomSentences":false,"customSentences":[]},"followers":[],"suggestedReferences":[],"efiUrl":"","efiAlt":"","highlights":[],"permalinkQueryArgs":[],"series":[]},"_links":{"self":[{"href":"https:\/\/www.enteratever.com\/2023\/wp-json\/wp\/v2\/posts\/174308","targetHints":{"allow":["GET"]}}],"collection":[{"href":"https:\/\/www.enteratever.com\/2023\/wp-json\/wp\/v2\/posts"}],"about":[{"href":"https:\/\/www.enteratever.com\/2023\/wp-json\/wp\/v2\/types\/post"}],"author":[{"embeddable":true,"href":"https:\/\/www.enteratever.com\/2023\/wp-json\/wp\/v2\/users\/4"}],"replies":[{"embeddable":true,"href":"https:\/\/www.enteratever.com\/2023\/wp-json\/wp\/v2\/comments?post=174308"}],"version-history":[{"count":0,"href":"https:\/\/www.enteratever.com\/2023\/wp-json\/wp\/v2\/posts\/174308\/revisions"}],"wp:featuredmedia":[{"embeddable":true,"href":"https:\/\/www.enteratever.com\/2023\/wp-json\/wp\/v2\/media\/174309"}],"wp:attachment":[{"href":"https:\/\/www.enteratever.com\/2023\/wp-json\/wp\/v2\/media?parent=174308"}],"wp:term":[{"taxonomy":"category","embeddable":true,"href":"https:\/\/www.enteratever.com\/2023\/wp-json\/wp\/v2\/categories?post=174308"},{"taxonomy":"post_tag","embeddable":true,"href":"https:\/\/www.enteratever.com\/2023\/wp-json\/wp\/v2\/tags?post=174308"}],"curies":[{"name":"wp","href":"https:\/\/api.w.org\/{rel}","templated":true}]}}