{"id":174290,"date":"2021-08-04T23:05:09","date_gmt":"2021-08-04T23:05:09","guid":{"rendered":"https:\/\/www.enteratever.com\/2023\/implementan-campana-de-descacharrizacion\/"},"modified":"2021-08-04T23:05:09","modified_gmt":"2021-08-04T23:05:09","slug":"implementan-campana-de-descacharrizacion","status":"publish","type":"post","link":"https:\/\/www.enteratever.com\/2023\/2021\/08\/04\/implementan-campana-de-descacharrizacion\/","title":{"rendered":"Implementan campa\u00f1a de descacharrizaci\u00f3n"},"content":{"rendered":"<p>Visitas: 0<\/p>\n<p class=\"wp-block-paragraph\">A fin de evitar que se presenten casos de dengue en el municipio de Poza Rica se estar\u00e1 llevando acabo una campa\u00f1a de descacharrizaci\u00f3n en la colonia en la colonia Manuel \u00c1vila Camacho por lo que exhortan a la poblaci\u00f3n a qu\u00e9 si cuenten con alg\u00fan art\u00edculo que pueda generar criaderos lo saquen.<\/p>\n\n\n\n<p class=\"wp-block-paragraph\">De acuerdo Bel\u00e9m Hern\u00e1ndez Cruz, Jefa de la Unidad de Salud del Municipio dijo que actualmente han recolectado casi 100 toneladas de este tipo de desechos, por lo que esperan en esta ocasi\u00f3n no sea la excepci\u00f3n, pues en fundamental que las personas se deshaga de todo lo que les puede generar un mal.<\/p>\n\n\n\n<p class=\"wp-block-paragraph\">Argument\u00f3 que han estado trabajando en este tema en diferentes colonias de Poza Rica como lo es en Mangos 1, Mangos 2, la Taj\u00edn, la 27 de septiembre, entre otras, por lo que calcula que m\u00e1s de 20 colonias han sido en las que ya pasaron a realizar los trabajos, por lo que continuar\u00e1n trabajando para abajar los \u00edndices.<\/p>\n\n\n\n<p class=\"wp-block-paragraph\">La Jefa de la Unidad de Salud dijo que est\u00e1n reforzando con estas acciones est\u00e1n haciendo por qu\u00e9 se viene la temporada de lluvias y muchas veces esto genera que se generan criaderos de mosquitos en los patios de las casas, por lo que es necesario evitar enfermarse en esta temporada, ya que se pueden confundir con los s\u00edntomas del covid-19.<\/p>\n\n\n\n<p class=\"wp-block-paragraph\">Destac\u00f3 que est\u00e1 jornada la est\u00e1n trabajando con Jurisdicci\u00f3n Sanitaria n\u00famero tres, ya que es la instancia de salud la que les otorgue los puntos de en donde las colonias en donde se cuentan con el mayor n\u00famero de reportes por parte de ciudadanos, por lo que ya cuentan con un cronograma de d\u00f3nde acudir.<\/p>\n\n\n\n<figure class=\"wp-block-gallery columns-1 wp-block-gallery-1 is-layout-flex wp-block-gallery-is-layout-flex\"><ul class=\"blocks-gallery-grid\"><li class=\"blocks-gallery-item\"><figure><img decoding=\"async\" src=\"https:\/\/www.enteratever.com\/2020\/wp-content\/uploads\/2021\/08\/WhatsApp-Image-2021-08-04-at-15.21.09.jpeg\" alt=\"\" data-id=\"52016\" data-full-url=\"https:\/\/www.enteratever.com\/2020\/wp-content\/uploads\/2021\/08\/WhatsApp-Image-2021-08-04-at-15.21.09.jpeg\" data-link=\"https:\/\/www.enteratever.com\/?attachment_id=52016\" class=\"wp-image-52016\"\/><\/figure><\/li><li class=\"blocks-gallery-item\"><figure><img decoding=\"async\" src=\"https:\/\/www.enteratever.com\/2020\/wp-content\/uploads\/2021\/08\/WhatsApp-Image-2021-08-04-at-15.21.10.jpeg\" alt=\"\" data-id=\"52017\" data-full-url=\"https:\/\/www.enteratever.com\/2020\/wp-content\/uploads\/2021\/08\/WhatsApp-Image-2021-08-04-at-15.21.10.jpeg\" data-link=\"https:\/\/www.enteratever.com\/?attachment_id=52017\" class=\"wp-image-52017\"\/><\/figure><\/li><li class=\"blocks-gallery-item\"><figure><img decoding=\"async\" src=\"https:\/\/www.enteratever.com\/2020\/wp-content\/uploads\/2021\/08\/WhatsApp-Image-2021-08-04-at-15.21.45.jpeg\" alt=\"\" data-id=\"52018\" data-full-url=\"https:\/\/www.enteratever.com\/2020\/wp-content\/uploads\/2021\/08\/WhatsApp-Image-2021-08-04-at-15.21.45.jpeg\" data-link=\"https:\/\/www.enteratever.com\/?attachment_id=52018\" class=\"wp-image-52018\"\/><\/figure><\/li><\/ul><\/figure>\n","protected":false},"excerpt":{"rendered":"<p>Visitas: 0 A fin de evitar que se presenten casos de dengue en el municipio de Poza Rica se estar\u00e1 llevando acabo una campa\u00f1a de descacharrizaci\u00f3n en la colonia en la colonia Manuel \u00c1vila Camacho por lo que exhortan a la poblaci\u00f3n a qu\u00e9 si cuenten con alg\u00fan art\u00edculo que pueda generar criaderos lo saquen. [&hellip;]<\/p>\n","protected":false},"author":4,"featured_media":174291,"comment_status":"open","ping_status":"open","sticky":false,"template":"","format":"standard","meta":{"footnotes":""},"categories":[213],"tags":[],"class_list":["post-174290","post","type-post","status-publish","format-standard","has-post-thumbnail","category-poza-rica"],"nelio_content":{"isAutoShareEnabled":true,"autoShareEndMode":"never","automationSources":{"useCustomSentences":false,"customSentences":[]},"followers":[],"suggestedReferences":[],"efiUrl":"","efiAlt":"","highlights":[],"permalinkQueryArgs":[],"series":[]},"_links":{"self":[{"href":"https:\/\/www.enteratever.com\/2023\/wp-json\/wp\/v2\/posts\/174290","targetHints":{"allow":["GET"]}}],"collection":[{"href":"https:\/\/www.enteratever.com\/2023\/wp-json\/wp\/v2\/posts"}],"about":[{"href":"https:\/\/www.enteratever.com\/2023\/wp-json\/wp\/v2\/types\/post"}],"author":[{"embeddable":true,"href":"https:\/\/www.enteratever.com\/2023\/wp-json\/wp\/v2\/users\/4"}],"replies":[{"embeddable":true,"href":"https:\/\/www.enteratever.com\/2023\/wp-json\/wp\/v2\/comments?post=174290"}],"version-history":[{"count":0,"href":"https:\/\/www.enteratever.com\/2023\/wp-json\/wp\/v2\/posts\/174290\/revisions"}],"wp:featuredmedia":[{"embeddable":true,"href":"https:\/\/www.enteratever.com\/2023\/wp-json\/wp\/v2\/media\/174291"}],"wp:attachment":[{"href":"https:\/\/www.enteratever.com\/2023\/wp-json\/wp\/v2\/media?parent=174290"}],"wp:term":[{"taxonomy":"category","embeddable":true,"href":"https:\/\/www.enteratever.com\/2023\/wp-json\/wp\/v2\/categories?post=174290"},{"taxonomy":"post_tag","embeddable":true,"href":"https:\/\/www.enteratever.com\/2023\/wp-json\/wp\/v2\/tags?post=174290"}],"curies":[{"name":"wp","href":"https:\/\/api.w.org\/{rel}","templated":true}]}}