{"id":174286,"date":"2021-08-03T20:12:48","date_gmt":"2021-08-03T20:12:48","guid":{"rendered":"https:\/\/www.enteratever.com\/2023\/personal-medico-expone-a-ciudadanos-que-acuden-al-imss\/"},"modified":"2021-08-03T20:12:48","modified_gmt":"2021-08-03T20:12:48","slug":"personal-medico-expone-a-ciudadanos-que-acuden-al-imss","status":"publish","type":"post","link":"https:\/\/www.enteratever.com\/2023\/2021\/08\/03\/personal-medico-expone-a-ciudadanos-que-acuden-al-imss\/","title":{"rendered":"Personal medico expone a ciudadanos que acuden al IMSS"},"content":{"rendered":"<p>Visitas: 0<\/p>\n<p class=\"wp-block-paragraph\">Ciudadanos mostraron su inconformidad debido al p\u00e9simo servicio que han recibido en el Hospital del Instituto Mexicano del Seguro Social (IMSS), de acuerdo a los derechohabientes destacaron que acuden al nosocomio para acudir alguna consulta y se encuentran en algunos pasillos las camillas en donde son trasportados los pacientes que son internados por covid-19.<\/p>\n\n\n\n<p class=\"wp-block-paragraph\">Dieron a conocer que mientras esperan su consulta o que el personal de salud los atienda las camillas se encuentran a pocos metros de las personas, esto por que solo los separa un cristal del \u00e1rea covid, por lo que dijeron que es una incoherencia que un aparato en donde suelen trasportar a las personas infectadas este expuesto.<\/p>\n\n\n\n<p class=\"wp-block-paragraph\">Se\u00f1alaron que de nada sirve que antes de entrar al hospital se realice un proceso de desinfecci\u00f3n, cuando adentro el material espec\u00edfico para un \u00e1rea este en los pasillos cuando saben para que es utilizado, por lo que piden que los encargados de la cl\u00ednica y del \u00e1rea covid est\u00e9n m\u00e1s atentos.<\/p>\n\n\n\n<p class=\"wp-block-paragraph\">Cabe destacar que durante esta tercera ola de contagios la mayor\u00eda de las personas han sido atendidas, por lo que el IMSS la ocupaci\u00f3n hospitalaria es del 82 por ciento, por lo que esta a poco de estar al m\u00e1ximo, por lo que es necesario reforzar las medidas con el material que utilizan para trasportar a los pacientes positivos de covid-19.<\/p>\n\n\n\n<p class=\"wp-block-paragraph\">Es importante se\u00f1alar que esta no es la \u00fanica queja que los ciudadanos han dado a conocer, pues a trav\u00e9s de redes sociales los ciudadanos han mostrado su inconformidad con el trato que tambi\u00e9n reciben por el personal de otras \u00e1reas del hospital.<\/p>\n\n\n\n<figure class=\"wp-block-gallery columns-1 wp-block-gallery-1 is-layout-flex wp-block-gallery-is-layout-flex\"><ul class=\"blocks-gallery-grid\"><li class=\"blocks-gallery-item\"><figure><img decoding=\"async\" src=\"https:\/\/www.enteratever.com\/2020\/wp-content\/uploads\/2021\/08\/WhatsApp-Image-2021-08-03-at-13.47.43.jpeg\" alt=\"\" data-id=\"51923\" data-full-url=\"https:\/\/www.enteratever.com\/2020\/wp-content\/uploads\/2021\/08\/WhatsApp-Image-2021-08-03-at-13.47.43.jpeg\" data-link=\"https:\/\/www.enteratever.com\/?attachment_id=51923\" class=\"wp-image-51923\"\/><\/figure><\/li><li class=\"blocks-gallery-item\"><figure><img decoding=\"async\" src=\"https:\/\/www.enteratever.com\/2020\/wp-content\/uploads\/2021\/08\/WhatsApp-Image-2021-08-03-at-13.47.44.jpeg\" alt=\"\" data-id=\"51925\" data-full-url=\"https:\/\/www.enteratever.com\/2020\/wp-content\/uploads\/2021\/08\/WhatsApp-Image-2021-08-03-at-13.47.44.jpeg\" data-link=\"https:\/\/www.enteratever.com\/?attachment_id=51925\" class=\"wp-image-51925\"\/><\/figure><\/li><li class=\"blocks-gallery-item\"><figure><img decoding=\"async\" src=\"https:\/\/www.enteratever.com\/2020\/wp-content\/uploads\/2021\/08\/WhatsApp-Image-2021-08-03-at-13.47.45.jpeg\" alt=\"\" data-id=\"51926\" data-full-url=\"https:\/\/www.enteratever.com\/2020\/wp-content\/uploads\/2021\/08\/WhatsApp-Image-2021-08-03-at-13.47.45.jpeg\" data-link=\"https:\/\/www.enteratever.com\/?attachment_id=51926\" class=\"wp-image-51926\"\/><\/figure><\/li><\/ul><\/figure>\n","protected":false},"excerpt":{"rendered":"<p>Visitas: 0 Ciudadanos mostraron su inconformidad debido al p\u00e9simo servicio que han recibido en el Hospital del Instituto Mexicano del Seguro Social (IMSS), de acuerdo a los derechohabientes destacaron que acuden al nosocomio para acudir alguna consulta y se encuentran en algunos pasillos las camillas en donde son trasportados los pacientes que son internados por [&hellip;]<\/p>\n","protected":false},"author":4,"featured_media":174287,"comment_status":"open","ping_status":"open","sticky":false,"template":"","format":"standard","meta":{"footnotes":""},"categories":[213],"tags":[],"class_list":["post-174286","post","type-post","status-publish","format-standard","has-post-thumbnail","category-poza-rica"],"nelio_content":{"isAutoShareEnabled":true,"autoShareEndMode":"never","automationSources":{"useCustomSentences":false,"customSentences":[]},"followers":[],"suggestedReferences":[],"efiUrl":"","efiAlt":"","highlights":[],"permalinkQueryArgs":[],"series":[]},"_links":{"self":[{"href":"https:\/\/www.enteratever.com\/2023\/wp-json\/wp\/v2\/posts\/174286","targetHints":{"allow":["GET"]}}],"collection":[{"href":"https:\/\/www.enteratever.com\/2023\/wp-json\/wp\/v2\/posts"}],"about":[{"href":"https:\/\/www.enteratever.com\/2023\/wp-json\/wp\/v2\/types\/post"}],"author":[{"embeddable":true,"href":"https:\/\/www.enteratever.com\/2023\/wp-json\/wp\/v2\/users\/4"}],"replies":[{"embeddable":true,"href":"https:\/\/www.enteratever.com\/2023\/wp-json\/wp\/v2\/comments?post=174286"}],"version-history":[{"count":0,"href":"https:\/\/www.enteratever.com\/2023\/wp-json\/wp\/v2\/posts\/174286\/revisions"}],"wp:featuredmedia":[{"embeddable":true,"href":"https:\/\/www.enteratever.com\/2023\/wp-json\/wp\/v2\/media\/174287"}],"wp:attachment":[{"href":"https:\/\/www.enteratever.com\/2023\/wp-json\/wp\/v2\/media?parent=174286"}],"wp:term":[{"taxonomy":"category","embeddable":true,"href":"https:\/\/www.enteratever.com\/2023\/wp-json\/wp\/v2\/categories?post=174286"},{"taxonomy":"post_tag","embeddable":true,"href":"https:\/\/www.enteratever.com\/2023\/wp-json\/wp\/v2\/tags?post=174286"}],"curies":[{"name":"wp","href":"https:\/\/api.w.org\/{rel}","templated":true}]}}