{"id":174280,"date":"2021-08-02T22:45:54","date_gmt":"2021-08-02T22:45:54","guid":{"rendered":"https:\/\/www.enteratever.com\/2023\/nuevos-proyectos-para-el-mercado-poza-rica\/"},"modified":"2021-08-02T22:45:54","modified_gmt":"2021-08-02T22:45:54","slug":"nuevos-proyectos-para-el-mercado-poza-rica","status":"publish","type":"post","link":"https:\/\/www.enteratever.com\/2023\/2021\/08\/02\/nuevos-proyectos-para-el-mercado-poza-rica\/","title":{"rendered":"Nuevos proyectos para el mercado Poza Rica"},"content":{"rendered":"<p>Visitas: 5<\/p>\n<p class=\"wp-block-paragraph\">Con la nueva plantilla del comit\u00e9 del mercado Poza Rica, el nuevo dirigente, Mart\u00edn Espinoza Castillo dijo que tiene varios proyectos para el mercado, los cuales el tiempo que dure su administraci\u00f3n estar\u00e1n implementando, estos para que la ciudadan\u00eda se sienta m\u00e1s segura de al acudir a uno de los mercados m\u00e1s grande la ciudad.<\/p>\n\n\n\n<p class=\"wp-block-paragraph\">En entrevista, se\u00f1al\u00f3 que encontr\u00f3 el mercado con algunas necesidades, por lo que estar\u00e1 trabajando en estos y otras situaciones que se vayan presentando durante su administraci\u00f3n, ya que lo que busca es crear un mercado m\u00e1s seguro para la poblaci\u00f3n que acuda a este.<\/p>\n\n\n\n<p class=\"wp-block-paragraph\">Se\u00f1al\u00f3 que sus compa\u00f1eros lo apoyan y est\u00e1 seguro que estar\u00e1n trabajando todos de la mano para que se pueda tener un mejor mercado, pues una de las demostraciones que ha tenido es con la posible instalaciones de parqu\u00edmetros en el primer cuadro de la ciudad, los cuales han decidido que no estar\u00e1n permitiendo esto, ya que solo los va a perjudicar.<\/p>\n\n\n\n<p class=\"wp-block-paragraph\">Destac\u00f3 que una de las peticiones que le hicieron los comerciantes fue el reordenamiento de comerciantes a dentro del mercado, por lo que es un tema que van a tratar y ver la manera en la que todos puedan estar ordenados, adem\u00e1s de que esto le permitir\u00e1 brindar un servicio de calidad a la poblaci\u00f3n.<\/p>\n\n\n\n<p class=\"wp-block-paragraph\">Por lo que invita a la ciudadan\u00eda a qu\u00e9 acudan a realizar sus compras al mercado, ya que cuenta con productos de buena calidad y frescos, adem\u00e1s que de esta manera estar\u00e1n apoyando a la econom\u00eda de los comerciantes, dijo que el tema de los comerciantes ambulantes es un tema delicado que con el tiempo ir\u00e1n resolviendo.<\/p>\n\n\n\n<figure class=\"wp-block-gallery columns-1 wp-block-gallery-1 is-layout-flex wp-block-gallery-is-layout-flex\"><ul class=\"blocks-gallery-grid\"><li class=\"blocks-gallery-item\"><figure><img decoding=\"async\" src=\"https:\/\/www.enteratever.com\/2020\/wp-content\/uploads\/2021\/08\/WhatsApp-Image-2021-08-02-at-16.47.08.jpeg\" alt=\"\" data-id=\"51814\" data-full-url=\"https:\/\/www.enteratever.com\/2020\/wp-content\/uploads\/2021\/08\/WhatsApp-Image-2021-08-02-at-16.47.08.jpeg\" data-link=\"https:\/\/www.enteratever.com\/?attachment_id=51814\" class=\"wp-image-51814\"\/><\/figure><\/li><li class=\"blocks-gallery-item\"><figure><img decoding=\"async\" src=\"https:\/\/www.enteratever.com\/2020\/wp-content\/uploads\/2021\/08\/WhatsApp-Image-2021-08-02-at-16.47.09.jpeg\" alt=\"\" data-id=\"51815\" data-full-url=\"https:\/\/www.enteratever.com\/2020\/wp-content\/uploads\/2021\/08\/WhatsApp-Image-2021-08-02-at-16.47.09.jpeg\" data-link=\"https:\/\/www.enteratever.com\/?attachment_id=51815\" class=\"wp-image-51815\"\/><\/figure><\/li><li class=\"blocks-gallery-item\"><figure><img decoding=\"async\" src=\"https:\/\/www.enteratever.com\/2020\/wp-content\/uploads\/2021\/08\/WhatsApp-Image-2021-08-02-at-16.47.31.jpeg\" alt=\"\" data-id=\"51816\" data-full-url=\"https:\/\/www.enteratever.com\/2020\/wp-content\/uploads\/2021\/08\/WhatsApp-Image-2021-08-02-at-16.47.31.jpeg\" data-link=\"https:\/\/www.enteratever.com\/?attachment_id=51816\" class=\"wp-image-51816\"\/><\/figure><\/li><\/ul><\/figure>\n","protected":false},"excerpt":{"rendered":"<p>Visitas: 5 Con la nueva plantilla del comit\u00e9 del mercado Poza Rica, el nuevo dirigente, Mart\u00edn Espinoza Castillo dijo que tiene varios proyectos para el mercado, los cuales el tiempo que dure su administraci\u00f3n estar\u00e1n implementando, estos para que la ciudadan\u00eda se sienta m\u00e1s segura de al acudir a uno de los mercados m\u00e1s grande [&hellip;]<\/p>\n","protected":false},"author":4,"featured_media":174281,"comment_status":"open","ping_status":"open","sticky":false,"template":"","format":"standard","meta":{"footnotes":""},"categories":[213],"tags":[],"class_list":["post-174280","post","type-post","status-publish","format-standard","has-post-thumbnail","category-poza-rica"],"nelio_content":{"isAutoShareEnabled":true,"autoShareEndMode":"never","automationSources":{"useCustomSentences":false,"customSentences":[]},"followers":[],"suggestedReferences":[],"efiUrl":"","efiAlt":"","highlights":[],"permalinkQueryArgs":[],"series":[]},"_links":{"self":[{"href":"https:\/\/www.enteratever.com\/2023\/wp-json\/wp\/v2\/posts\/174280","targetHints":{"allow":["GET"]}}],"collection":[{"href":"https:\/\/www.enteratever.com\/2023\/wp-json\/wp\/v2\/posts"}],"about":[{"href":"https:\/\/www.enteratever.com\/2023\/wp-json\/wp\/v2\/types\/post"}],"author":[{"embeddable":true,"href":"https:\/\/www.enteratever.com\/2023\/wp-json\/wp\/v2\/users\/4"}],"replies":[{"embeddable":true,"href":"https:\/\/www.enteratever.com\/2023\/wp-json\/wp\/v2\/comments?post=174280"}],"version-history":[{"count":0,"href":"https:\/\/www.enteratever.com\/2023\/wp-json\/wp\/v2\/posts\/174280\/revisions"}],"wp:featuredmedia":[{"embeddable":true,"href":"https:\/\/www.enteratever.com\/2023\/wp-json\/wp\/v2\/media\/174281"}],"wp:attachment":[{"href":"https:\/\/www.enteratever.com\/2023\/wp-json\/wp\/v2\/media?parent=174280"}],"wp:term":[{"taxonomy":"category","embeddable":true,"href":"https:\/\/www.enteratever.com\/2023\/wp-json\/wp\/v2\/categories?post=174280"},{"taxonomy":"post_tag","embeddable":true,"href":"https:\/\/www.enteratever.com\/2023\/wp-json\/wp\/v2\/tags?post=174280"}],"curies":[{"name":"wp","href":"https:\/\/api.w.org\/{rel}","templated":true}]}}