{"id":174250,"date":"2021-07-29T00:55:39","date_gmt":"2021-07-29T00:55:39","guid":{"rendered":"https:\/\/www.enteratever.com\/2023\/jorge-manzo-cuenta-con-el-respaldo-de-poza-rica-en-contienda-por-la-rectoria-de-la-uv\/"},"modified":"2021-07-29T00:55:39","modified_gmt":"2021-07-29T00:55:39","slug":"jorge-manzo-cuenta-con-el-respaldo-de-poza-rica-en-contienda-por-la-rectoria-de-la-uv","status":"publish","type":"post","link":"https:\/\/www.enteratever.com\/2023\/2021\/07\/29\/jorge-manzo-cuenta-con-el-respaldo-de-poza-rica-en-contienda-por-la-rectoria-de-la-uv\/","title":{"rendered":"Jorge Manzo cuenta con el respaldo de Poza Rica en contienda por la rector\u00eda de la UV"},"content":{"rendered":"<p>Visitas: 8<\/p>\n<p class=\"wp-block-paragraph\">Ante el pr\u00f3ximo proceso de elecci\u00f3n para conocer el nuevo rector de la Universidad Veracruzana (UV), el proyecto del aspirante Jorge Manzo Denes siguen sumando simpatizantes, en el caso de Poza Rica reiteraron su apoyo, ya que consideran que es quien ofrece un nuevo paradigma universitario bajo la l\u00f3gica de la qu\u00edntuple h\u00e9lice.<\/p>\n\n\n\n<p class=\"wp-block-paragraph\">En rueda de prensa, Mario Jos\u00e9 R\u00edos Garc\u00eda y H\u00e9ctor Javier Ram\u00edrez Garc\u00eda manifestaron su respaldo al aspirante, ay que consideraron que cuenta con uno de los proyectos m\u00e1s consolidados para asumir la rector\u00eda de la UV en el ciclo 2021-2025, ya que se est\u00e1 viendo por la educaci\u00f3n de los j\u00f3venes.<\/p>\n\n\n\n<p class=\"wp-block-paragraph\">Argumentaron que este proyecto se construir\u00e1, necesariamente, sobre la base de una estrecha vinculaci\u00f3n entre la universidad, el gobierno, las empresas y la sociedad a trav\u00e9s de un enfoque sostenible para el desarrollo humano, por lo que consideraron que es una de las mejores opciones y de los proyectos que han escuchado.<\/p>\n\n\n\n<p class=\"wp-block-paragraph\">Consideraron que uno de los retos actuales de la UV es mantenerse como un referente en calidad educativa adaptada a la nueva normalidad que oblig\u00f3 la pandemia del coronavirus, por lo que en su plan de trabajo est\u00e1 bien formulado y esperan el personal le brinde el apoyo que requiere en el pr\u00f3ximo proceso.<\/p>\n\n\n\n<p class=\"wp-block-paragraph\">Es importante destacar que el aspirante a la rector\u00eda de la Universidad Veracruzana no acudi\u00f3 a la ciudad petrolera por el alto \u00edndice de contagios de covid-19 en el municipio, por lo que envi\u00f3 a sus representantes para que dieran la rueda de prensa.<\/p>\n","protected":false},"excerpt":{"rendered":"<p>Visitas: 8 Ante el pr\u00f3ximo proceso de elecci\u00f3n para conocer el nuevo rector de la Universidad Veracruzana (UV), el proyecto del aspirante Jorge Manzo Denes siguen sumando simpatizantes, en el caso de Poza Rica reiteraron su apoyo, ya que consideran que es quien ofrece un nuevo paradigma universitario bajo la l\u00f3gica de la qu\u00edntuple h\u00e9lice. [&hellip;]<\/p>\n","protected":false},"author":4,"featured_media":174251,"comment_status":"open","ping_status":"open","sticky":false,"template":"","format":"standard","meta":{"footnotes":""},"categories":[213],"tags":[],"class_list":["post-174250","post","type-post","status-publish","format-standard","has-post-thumbnail","category-poza-rica"],"nelio_content":{"isAutoShareEnabled":true,"autoShareEndMode":"never","automationSources":{"useCustomSentences":false,"customSentences":[]},"followers":[],"suggestedReferences":[],"efiUrl":"","efiAlt":"","highlights":[],"permalinkQueryArgs":[],"series":[]},"_links":{"self":[{"href":"https:\/\/www.enteratever.com\/2023\/wp-json\/wp\/v2\/posts\/174250","targetHints":{"allow":["GET"]}}],"collection":[{"href":"https:\/\/www.enteratever.com\/2023\/wp-json\/wp\/v2\/posts"}],"about":[{"href":"https:\/\/www.enteratever.com\/2023\/wp-json\/wp\/v2\/types\/post"}],"author":[{"embeddable":true,"href":"https:\/\/www.enteratever.com\/2023\/wp-json\/wp\/v2\/users\/4"}],"replies":[{"embeddable":true,"href":"https:\/\/www.enteratever.com\/2023\/wp-json\/wp\/v2\/comments?post=174250"}],"version-history":[{"count":0,"href":"https:\/\/www.enteratever.com\/2023\/wp-json\/wp\/v2\/posts\/174250\/revisions"}],"wp:featuredmedia":[{"embeddable":true,"href":"https:\/\/www.enteratever.com\/2023\/wp-json\/wp\/v2\/media\/174251"}],"wp:attachment":[{"href":"https:\/\/www.enteratever.com\/2023\/wp-json\/wp\/v2\/media?parent=174250"}],"wp:term":[{"taxonomy":"category","embeddable":true,"href":"https:\/\/www.enteratever.com\/2023\/wp-json\/wp\/v2\/categories?post=174250"},{"taxonomy":"post_tag","embeddable":true,"href":"https:\/\/www.enteratever.com\/2023\/wp-json\/wp\/v2\/tags?post=174250"}],"curies":[{"name":"wp","href":"https:\/\/api.w.org\/{rel}","templated":true}]}}