{"id":174240,"date":"2021-07-27T22:41:25","date_gmt":"2021-07-27T22:41:25","guid":{"rendered":"https:\/\/www.enteratever.com\/2023\/escuelas-particulares-se-preparan-para-el-regreso-a-clases-de-manera-presencial\/"},"modified":"2021-07-27T22:41:25","modified_gmt":"2021-07-27T22:41:25","slug":"escuelas-particulares-se-preparan-para-el-regreso-a-clases-de-manera-presencial","status":"publish","type":"post","link":"https:\/\/www.enteratever.com\/2023\/2021\/07\/27\/escuelas-particulares-se-preparan-para-el-regreso-a-clases-de-manera-presencial\/","title":{"rendered":"Escuelas particulares se preparan para el regreso a clases de manera presencial"},"content":{"rendered":"<p>Visitas: 0<\/p>\n<p class=\"wp-block-paragraph\">Luego de que se diera a conocer que los estudiantes estar\u00e1n regresando a clases presenciales en el mes de agosto, Antonio Alarc\u00f3n Jaramillo, Delegado en Veracruz de la Asociaci\u00f3n Nacional de Escuelas Particulares (ANEP), dijo que tienen que estar sujetados los reportes de la Secretar\u00eda de Salud, pues algunas instituciones aun tiene algunas inquietudes de la forma en la que estar\u00edan trabajando cuando la situaci\u00f3n no es la mejor.<\/p>\n\n\n\n<p class=\"wp-block-paragraph\">En entrevista, se\u00f1al\u00f3 que varias escuelas en el estado ya se encuentran prepar\u00e1ndose para regresar en este nuevo siclo escolar, pero hay padres de familia que no est\u00e1n tan de acuerdo con las decisiones que las autoridades est\u00e1n tomando, pues hace mes y medio el estado se encontraba en color verde y no se pudo regresar y ahora que se regres\u00f3 a color rojo est\u00e1n aprobando que los estudiantes regresen a clases.<\/p>\n\n\n\n<p class=\"wp-block-paragraph\">Se\u00f1al\u00f3 que hasta donde se sabe los padres de familia estar\u00e1n tomando la determinaci\u00f3n si est\u00e1n de acuerdo que sus hijos acudir\u00e1n a sus clases de manera presencial o continua con las clases virtuales, por lo que las escuelas deber\u00e1n respetar la decisi\u00f3n de los tutores de los estudiantes.<\/p>\n\n\n\n<p class=\"wp-block-paragraph\">Dijo que hasta el momento no cuentan con una informaci\u00f3n oficial de la manera en la que ser\u00e1 este regreso a clases, pues las escuelas est\u00e1n buscando implementar estrategias que les permitan comenzar con las clases presenciales, por lo que esperan que en los pr\u00f3ximos d\u00edas les hagan llegar los oficios para conocer en si como se deber\u00e1 de trabajar.<\/p>\n\n\n\n<p class=\"wp-block-paragraph\">Cabe destacar que el gobernador del estado, Cuitl\u00e1huac Garc\u00eda Jim\u00e9nez en conferencia de prensa dijo que a pesar de estar en color rojo se pueden realizar todas las actividades, no solamente las educativas, pues solo es necesario respetar las indicaciones del sector salud, respetar el aforo el cual se ira modificando de acuerdo al color del sem\u00e1foro epidemiol\u00f3gico.<\/p>\n","protected":false},"excerpt":{"rendered":"<p>Visitas: 0 Luego de que se diera a conocer que los estudiantes estar\u00e1n regresando a clases presenciales en el mes de agosto, Antonio Alarc\u00f3n Jaramillo, Delegado en Veracruz de la Asociaci\u00f3n Nacional de Escuelas Particulares (ANEP), dijo que tienen que estar sujetados los reportes de la Secretar\u00eda de Salud, pues algunas instituciones aun tiene algunas [&hellip;]<\/p>\n","protected":false},"author":4,"featured_media":174241,"comment_status":"open","ping_status":"open","sticky":false,"template":"","format":"standard","meta":{"footnotes":""},"categories":[213],"tags":[],"class_list":["post-174240","post","type-post","status-publish","format-standard","has-post-thumbnail","category-poza-rica"],"nelio_content":{"isAutoShareEnabled":true,"autoShareEndMode":"never","automationSources":{"useCustomSentences":false,"customSentences":[]},"followers":[],"suggestedReferences":[],"efiUrl":"","efiAlt":"","highlights":[],"permalinkQueryArgs":[],"series":[]},"_links":{"self":[{"href":"https:\/\/www.enteratever.com\/2023\/wp-json\/wp\/v2\/posts\/174240","targetHints":{"allow":["GET"]}}],"collection":[{"href":"https:\/\/www.enteratever.com\/2023\/wp-json\/wp\/v2\/posts"}],"about":[{"href":"https:\/\/www.enteratever.com\/2023\/wp-json\/wp\/v2\/types\/post"}],"author":[{"embeddable":true,"href":"https:\/\/www.enteratever.com\/2023\/wp-json\/wp\/v2\/users\/4"}],"replies":[{"embeddable":true,"href":"https:\/\/www.enteratever.com\/2023\/wp-json\/wp\/v2\/comments?post=174240"}],"version-history":[{"count":0,"href":"https:\/\/www.enteratever.com\/2023\/wp-json\/wp\/v2\/posts\/174240\/revisions"}],"wp:featuredmedia":[{"embeddable":true,"href":"https:\/\/www.enteratever.com\/2023\/wp-json\/wp\/v2\/media\/174241"}],"wp:attachment":[{"href":"https:\/\/www.enteratever.com\/2023\/wp-json\/wp\/v2\/media?parent=174240"}],"wp:term":[{"taxonomy":"category","embeddable":true,"href":"https:\/\/www.enteratever.com\/2023\/wp-json\/wp\/v2\/categories?post=174240"},{"taxonomy":"post_tag","embeddable":true,"href":"https:\/\/www.enteratever.com\/2023\/wp-json\/wp\/v2\/tags?post=174240"}],"curies":[{"name":"wp","href":"https:\/\/api.w.org\/{rel}","templated":true}]}}