{"id":174236,"date":"2021-07-27T22:31:18","date_gmt":"2021-07-27T22:31:18","guid":{"rendered":"https:\/\/www.enteratever.com\/2023\/llaman-a-jovenes-a-realizar-el-tramite-de-la-cartilla-militar\/"},"modified":"2021-07-27T22:31:18","modified_gmt":"2021-07-27T22:31:18","slug":"llaman-a-jovenes-a-realizar-el-tramite-de-la-cartilla-militar","status":"publish","type":"post","link":"https:\/\/www.enteratever.com\/2023\/2021\/07\/27\/llaman-a-jovenes-a-realizar-el-tramite-de-la-cartilla-militar\/","title":{"rendered":"Llaman a j\u00f3venes a realizar el tr\u00e1mite de la cartilla militar"},"content":{"rendered":"<p>Visitas: 0<\/p>\n<p class=\"wp-block-paragraph\">Baja la demanda por parte de los j\u00f3venes para tramitar su cartilla militar, pues actualmente se cuentan con 180 cartillas de las 300 que hab\u00edan recibido luego de que se terminaran las 800 cartillas que se entregaron en un primer instante, as\u00ed lo dio a conocer Evelia Reyes Hern\u00e1ndez, responsable de la oficina de la Junta Municipal de Reclutamiento.<\/p>\n\n\n\n<p class=\"wp-block-paragraph\">En entrevista la titular de la oficina coment\u00f3 que en un principio se contaba con muy buena respuesta por parte de los j\u00f3venes, pero en los \u00faltimos d\u00edas baj\u00f3 la demanda por parte de los j\u00f3venes, esperan que ahora que los j\u00f3venes ya se encuentran en periodo vacacional acudan a las oficinas para que comiencen con su tr\u00e1mite de la cartilla.<\/p>\n\n\n\n<p class=\"wp-block-paragraph\">Mencion\u00f3 que deben aprovechar que a\u00fan est\u00e1n a tiempo y que cuentan con cartillas disponibles, ya que en ocasiones acuden los \u00faltimos d\u00edas y hay j\u00f3venes que se quedan sin poder realizar el tr\u00e1mite y tiene que esperar todo un a\u00f1o para que realizar el proceso, por lo que hizo la invitaci\u00f3n para que acudan, ellas est\u00e1n atendiendo de 8:00 a 15:00 horas.<\/p>\n\n\n\n<p class=\"wp-block-paragraph\">Record\u00f3 que este a\u00f1o la Secretar\u00eda de la Defensa Nacional (Sedena) les otorg\u00f3 800 cartillas las cuales se les terminaron en el mes de mayo, por lo que solicitaron m\u00e1s formatos y el mes pasado les entregaron 300 cartillas m\u00e1s, por lo que espera que los j\u00f3venes acudan, ya que es un documento importante y que en algunos lugares se los solicitan.<\/p>\n\n\n\n<p class=\"wp-block-paragraph\">Los j\u00f3venes tienen hasta el pr\u00f3ximo 14 de octubre para acudir a las oficinas, en esta ocasi\u00f3n se hace el llamado a los j\u00f3venes de la clase 2002, anticipados y remisos, destacaron que est\u00e1n trabajando con las medidas sanitarias para proteger a los j\u00f3venes y al personal de la oficina.<\/p>\n\n\n\n<figure class=\"wp-block-gallery columns-1 wp-block-gallery-1 is-layout-flex wp-block-gallery-is-layout-flex\"><ul class=\"blocks-gallery-grid\"><li class=\"blocks-gallery-item\"><figure><img decoding=\"async\" src=\"https:\/\/www.enteratever.com\/2020\/wp-content\/uploads\/2021\/07\/WhatsApp-Image-2021-07-27-at-14.59.41.jpeg\" alt=\"\" data-id=\"51387\" data-full-url=\"https:\/\/www.enteratever.com\/2020\/wp-content\/uploads\/2021\/07\/WhatsApp-Image-2021-07-27-at-14.59.41.jpeg\" data-link=\"https:\/\/www.enteratever.com\/?attachment_id=51387\" class=\"wp-image-51387\"\/><\/figure><\/li><li class=\"blocks-gallery-item\"><figure><img decoding=\"async\" src=\"https:\/\/www.enteratever.com\/2020\/wp-content\/uploads\/2021\/07\/WhatsApp-Image-2021-07-27-at-14.59.42.jpeg\" alt=\"\" data-id=\"51388\" data-full-url=\"https:\/\/www.enteratever.com\/2020\/wp-content\/uploads\/2021\/07\/WhatsApp-Image-2021-07-27-at-14.59.42.jpeg\" data-link=\"https:\/\/www.enteratever.com\/?attachment_id=51388\" class=\"wp-image-51388\"\/><\/figure><\/li><\/ul><\/figure>\n","protected":false},"excerpt":{"rendered":"<p>Visitas: 0 Baja la demanda por parte de los j\u00f3venes para tramitar su cartilla militar, pues actualmente se cuentan con 180 cartillas de las 300 que hab\u00edan recibido luego de que se terminaran las 800 cartillas que se entregaron en un primer instante, as\u00ed lo dio a conocer Evelia Reyes Hern\u00e1ndez, responsable de la oficina [&hellip;]<\/p>\n","protected":false},"author":4,"featured_media":174237,"comment_status":"open","ping_status":"open","sticky":false,"template":"","format":"standard","meta":{"footnotes":""},"categories":[213],"tags":[],"class_list":["post-174236","post","type-post","status-publish","format-standard","has-post-thumbnail","category-poza-rica"],"nelio_content":{"isAutoShareEnabled":true,"autoShareEndMode":"never","automationSources":{"useCustomSentences":false,"customSentences":[]},"followers":[],"suggestedReferences":[],"efiUrl":"","efiAlt":"","highlights":[],"permalinkQueryArgs":[],"series":[]},"_links":{"self":[{"href":"https:\/\/www.enteratever.com\/2023\/wp-json\/wp\/v2\/posts\/174236","targetHints":{"allow":["GET"]}}],"collection":[{"href":"https:\/\/www.enteratever.com\/2023\/wp-json\/wp\/v2\/posts"}],"about":[{"href":"https:\/\/www.enteratever.com\/2023\/wp-json\/wp\/v2\/types\/post"}],"author":[{"embeddable":true,"href":"https:\/\/www.enteratever.com\/2023\/wp-json\/wp\/v2\/users\/4"}],"replies":[{"embeddable":true,"href":"https:\/\/www.enteratever.com\/2023\/wp-json\/wp\/v2\/comments?post=174236"}],"version-history":[{"count":0,"href":"https:\/\/www.enteratever.com\/2023\/wp-json\/wp\/v2\/posts\/174236\/revisions"}],"wp:featuredmedia":[{"embeddable":true,"href":"https:\/\/www.enteratever.com\/2023\/wp-json\/wp\/v2\/media\/174237"}],"wp:attachment":[{"href":"https:\/\/www.enteratever.com\/2023\/wp-json\/wp\/v2\/media?parent=174236"}],"wp:term":[{"taxonomy":"category","embeddable":true,"href":"https:\/\/www.enteratever.com\/2023\/wp-json\/wp\/v2\/categories?post=174236"},{"taxonomy":"post_tag","embeddable":true,"href":"https:\/\/www.enteratever.com\/2023\/wp-json\/wp\/v2\/tags?post=174236"}],"curies":[{"name":"wp","href":"https:\/\/api.w.org\/{rel}","templated":true}]}}