{"id":174232,"date":"2021-07-26T21:58:59","date_gmt":"2021-07-26T21:58:59","guid":{"rendered":"https:\/\/www.enteratever.com\/2023\/necesario-que-autoridades-aprueben-el-incremento-del-pasaje\/"},"modified":"2021-07-26T21:58:59","modified_gmt":"2021-07-26T21:58:59","slug":"necesario-que-autoridades-aprueben-el-incremento-del-pasaje","status":"publish","type":"post","link":"https:\/\/www.enteratever.com\/2023\/2021\/07\/26\/necesario-que-autoridades-aprueben-el-incremento-del-pasaje\/","title":{"rendered":"Necesario que autoridades aprueben el incremento del pasaje"},"content":{"rendered":"<p>Visitas: 0<\/p>\n<p class=\"wp-block-paragraph\">De acuerdo con Roberto Salas Galicia, Representante de la fila Poza Rica &#8211; Coatzintla, que las autoridades estatales entiendan que los taxistas tambi\u00e9n requieren que aumente el costo del pasaje, ya que tanto las refracciones, gasolina y di\u00e9sel incrementaron de precio, pero el pasaje no, por lo que ellos solo solicitan que incremente uno o dos pesos, es necesario que se pongan en el lugar de ellos.<\/p>\n\n\n\n<p class=\"wp-block-paragraph\">El representante de la fila, coment\u00f3 que es necesario el aumento del pasaje ya que como todos est\u00e1n pasando por situaci\u00f3n dif\u00edciles y solo ellos como concesionarios han tendido que ver como arreglan los imperfectos de los taxis, por lo que es fundamental el aumento del pasaje en la zona norte, por lo que han metido diferentes oficios pero hasta el momento no tiene una respuesta.<\/p>\n\n\n\n<p class=\"wp-block-paragraph\">Salas Galicia, coment\u00f3 que son contados los casos de personas que han padecido covid-19, pero hasta ahorita no se ha registrado la baja de alg\u00fan taxista de la fila que a \u00e9l le corresponde, pues desde hace m\u00e1s de un a\u00f1o que inici\u00f3 la pandemia se le ha pedido que porten su cubrebocas al igual el gel antibacterial y pedirles a los ciudadanos que porten el suyo cada que se suban a sus unidades.<\/p>\n\n\n\n<p class=\"wp-block-paragraph\">Dijo que est\u00e1n respetando las medidas sanitarias que el sector salud ha implementando para contratar el n\u00famero de contagios de covid-19, por lo que ellos representantes de la filas est\u00e1n record\u00e1ndoles a sus taxistas de lo importante que es el respetar los medidas, por los que los taxistas deben de portar su cubrebocas al igual los pasajeros.<\/p>\n\n\n\n<p class=\"wp-block-paragraph\">Los taxistas del municipio de Coatzintla desmintieron el rumor que quer\u00edan volver a descargar pasaje sobre el bulevar L\u00e1zaro C\u00e1rdenas, esto luego de que en redes sociales se diera a conocer que los habitantes del municipio hermano dijeran que ya no quieren descender en el parador, lugar que se les design\u00f3 desde hace ya m\u00e1s de un a\u00f1o, ya que aseguran que tienen que caminar m\u00e1s.<\/p>\n\n\n\n<p class=\"wp-block-paragraph\">Asegur\u00f3 que est\u00e1 informaci\u00f3n es falsa, ya que ellos entiendes que hacer esto estar\u00edan generando m\u00e1s tr\u00e1ficos en el primer cuadro de la ciudad, por lo que ellos se sienten a gusto con el lugar que les otorg\u00f3, por lo que ellos continuaran descendiendo el pasaje en este punto de la ciudad.<\/p>\n","protected":false},"excerpt":{"rendered":"<p>Visitas: 0 De acuerdo con Roberto Salas Galicia, Representante de la fila Poza Rica &#8211; Coatzintla, que las autoridades estatales entiendan que los taxistas tambi\u00e9n requieren que aumente el costo del pasaje, ya que tanto las refracciones, gasolina y di\u00e9sel incrementaron de precio, pero el pasaje no, por lo que ellos solo solicitan que incremente [&hellip;]<\/p>\n","protected":false},"author":4,"featured_media":174233,"comment_status":"open","ping_status":"open","sticky":false,"template":"","format":"standard","meta":{"footnotes":""},"categories":[213],"tags":[],"class_list":["post-174232","post","type-post","status-publish","format-standard","has-post-thumbnail","category-poza-rica"],"nelio_content":{"isAutoShareEnabled":true,"autoShareEndMode":"never","automationSources":{"useCustomSentences":false,"customSentences":[]},"followers":[],"suggestedReferences":[],"efiUrl":"","efiAlt":"","highlights":[],"permalinkQueryArgs":[],"series":[]},"_links":{"self":[{"href":"https:\/\/www.enteratever.com\/2023\/wp-json\/wp\/v2\/posts\/174232","targetHints":{"allow":["GET"]}}],"collection":[{"href":"https:\/\/www.enteratever.com\/2023\/wp-json\/wp\/v2\/posts"}],"about":[{"href":"https:\/\/www.enteratever.com\/2023\/wp-json\/wp\/v2\/types\/post"}],"author":[{"embeddable":true,"href":"https:\/\/www.enteratever.com\/2023\/wp-json\/wp\/v2\/users\/4"}],"replies":[{"embeddable":true,"href":"https:\/\/www.enteratever.com\/2023\/wp-json\/wp\/v2\/comments?post=174232"}],"version-history":[{"count":0,"href":"https:\/\/www.enteratever.com\/2023\/wp-json\/wp\/v2\/posts\/174232\/revisions"}],"wp:featuredmedia":[{"embeddable":true,"href":"https:\/\/www.enteratever.com\/2023\/wp-json\/wp\/v2\/media\/174233"}],"wp:attachment":[{"href":"https:\/\/www.enteratever.com\/2023\/wp-json\/wp\/v2\/media?parent=174232"}],"wp:term":[{"taxonomy":"category","embeddable":true,"href":"https:\/\/www.enteratever.com\/2023\/wp-json\/wp\/v2\/categories?post=174232"},{"taxonomy":"post_tag","embeddable":true,"href":"https:\/\/www.enteratever.com\/2023\/wp-json\/wp\/v2\/tags?post=174232"}],"curies":[{"name":"wp","href":"https:\/\/api.w.org\/{rel}","templated":true}]}}