{"id":174216,"date":"2021-07-23T22:58:57","date_gmt":"2021-07-23T22:58:57","guid":{"rendered":"https:\/\/www.enteratever.com\/2023\/en-poza-rica-aun-no-se-vacunaran-a-los-jovenes-de-18-anos-y-mas\/"},"modified":"2021-07-23T22:58:57","modified_gmt":"2021-07-23T22:58:57","slug":"en-poza-rica-aun-no-se-vacunaran-a-los-jovenes-de-18-anos-y-mas","status":"publish","type":"post","link":"https:\/\/www.enteratever.com\/2023\/2021\/07\/23\/en-poza-rica-aun-no-se-vacunaran-a-los-jovenes-de-18-anos-y-mas\/","title":{"rendered":"En Poza Rica a\u00fan no se vacunar\u00e1n a los j\u00f3venes de 18 a\u00f1os y m\u00e1s"},"content":{"rendered":"<p>Visitas: 6<\/p>\n<p class=\"wp-block-paragraph\">Despu\u00e9s de que se diera a conocer que j\u00f3venes de 18 a\u00f1os ya podr\u00edan vacunarse, j\u00f3venes de Poza Rica han acudieron a la plaza c\u00edvica 18 de marzo para tratar de vacunarse, por lo que Emilio Olvera Andrade, Delegado Regional de Programas Sociales del Bienestar, dijo que esta instrucciones para las comunidades serranas.<\/p>\n\n\n\n<p class=\"wp-block-paragraph\">Destac\u00f3 que en la regi\u00f3n que \u00e9l le corresponde (Poza Rica, Coatzintla y Tihuatl\u00e1n) no tienen una fecha como tal de cuando estar\u00e1n vacunando a este sector de la poblaci\u00f3n, por lo que pide que est\u00e9n atentos a los comunicados que ser\u00e1n publicados en las p\u00e1ginas oficiales para que puedan acudir a recibir la vacuna anti covid-19.<\/p>\n\n\n\n<p class=\"wp-block-paragraph\">En entrevista, el delegado coment\u00f3 que hasta el d\u00eda de ayer llevaban vacunadas un total de 30 mil personas, por lo que hasta este momento se han vacunado m\u00e1s de mil personas, por lo que la respuesta de la ciudadan\u00eda ha sido muy buena, record\u00f3 que est\u00e9 es el \u00faltimo d\u00eda en que las personas de 30 a 39 a\u00f1os tienen para recibir la primera dosis, al igual a mujeres embarazadas.<\/p>\n\n\n\n<p class=\"wp-block-paragraph\">Se\u00f1al\u00f3 que en cada jornada de vacunaci\u00f3n se atiende al 80 por ciento, por lo que asegur\u00f3 que en esta ocasi\u00f3n no ser\u00e1 la excepci\u00f3n, al igual hizo un exhorto a las empresas para que las due\u00f1os de est\u00e1s les permitan a sus empleados a qu\u00e9 salgan para que puedan ser vacunados y as\u00ed procuren a su personal.<\/p>\n\n\n\n<p class=\"wp-block-paragraph\">Destac\u00f3 es necesario que las personas acudan en vacunarse para evitar m\u00e1s contagios de covid-19, ya que la regi\u00f3n se ha visto severamente afectada, por lo que las instancias de salud han estado haciendo todo lo necesario para disminuir los casos contagios de coronavirus.<\/p>\n\n\n\n<figure class=\"wp-block-gallery columns-1 wp-block-gallery-1 is-layout-flex wp-block-gallery-is-layout-flex\"><ul class=\"blocks-gallery-grid\"><li class=\"blocks-gallery-item\"><figure><img decoding=\"async\" src=\"https:\/\/www.enteratever.com\/2020\/wp-content\/uploads\/2021\/07\/WhatsApp-Image-2021-07-23-at-14.10.52.jpeg\" alt=\"\" data-id=\"51206\" data-full-url=\"https:\/\/www.enteratever.com\/2020\/wp-content\/uploads\/2021\/07\/WhatsApp-Image-2021-07-23-at-14.10.52.jpeg\" data-link=\"https:\/\/www.enteratever.com\/?attachment_id=51206\" class=\"wp-image-51206\"\/><\/figure><\/li><li class=\"blocks-gallery-item\"><figure><img decoding=\"async\" src=\"https:\/\/www.enteratever.com\/2020\/wp-content\/uploads\/2021\/07\/WhatsApp-Image-2021-07-23-at-14.10.53.jpeg\" alt=\"\" data-id=\"51207\" data-full-url=\"https:\/\/www.enteratever.com\/2020\/wp-content\/uploads\/2021\/07\/WhatsApp-Image-2021-07-23-at-14.10.53.jpeg\" data-link=\"https:\/\/www.enteratever.com\/?attachment_id=51207\" class=\"wp-image-51207\"\/><\/figure><\/li><li class=\"blocks-gallery-item\"><figure><img decoding=\"async\" src=\"https:\/\/www.enteratever.com\/2020\/wp-content\/uploads\/2021\/07\/WhatsApp-Image-2021-07-23-at-14.10.54.jpeg\" alt=\"\" data-id=\"51208\" data-full-url=\"https:\/\/www.enteratever.com\/2020\/wp-content\/uploads\/2021\/07\/WhatsApp-Image-2021-07-23-at-14.10.54.jpeg\" data-link=\"https:\/\/www.enteratever.com\/?attachment_id=51208\" class=\"wp-image-51208\"\/><\/figure><\/li><li class=\"blocks-gallery-item\"><figure><img decoding=\"async\" src=\"https:\/\/www.enteratever.com\/2020\/wp-content\/uploads\/2021\/07\/WhatsApp-Image-2021-07-23-at-14.10.56.jpeg\" alt=\"\" data-id=\"51209\" data-full-url=\"https:\/\/www.enteratever.com\/2020\/wp-content\/uploads\/2021\/07\/WhatsApp-Image-2021-07-23-at-14.10.56.jpeg\" data-link=\"https:\/\/www.enteratever.com\/?attachment_id=51209\" class=\"wp-image-51209\"\/><\/figure><\/li><\/ul><\/figure>\n","protected":false},"excerpt":{"rendered":"<p>Visitas: 6 Despu\u00e9s de que se diera a conocer que j\u00f3venes de 18 a\u00f1os ya podr\u00edan vacunarse, j\u00f3venes de Poza Rica han acudieron a la plaza c\u00edvica 18 de marzo para tratar de vacunarse, por lo que Emilio Olvera Andrade, Delegado Regional de Programas Sociales del Bienestar, dijo que esta instrucciones para las comunidades serranas. [&hellip;]<\/p>\n","protected":false},"author":4,"featured_media":174217,"comment_status":"open","ping_status":"open","sticky":false,"template":"","format":"standard","meta":{"footnotes":""},"categories":[213],"tags":[],"class_list":["post-174216","post","type-post","status-publish","format-standard","has-post-thumbnail","category-poza-rica"],"nelio_content":{"isAutoShareEnabled":true,"autoShareEndMode":"never","automationSources":{"useCustomSentences":false,"customSentences":[]},"followers":[],"suggestedReferences":[],"efiUrl":"","efiAlt":"","highlights":[],"permalinkQueryArgs":[],"series":[]},"_links":{"self":[{"href":"https:\/\/www.enteratever.com\/2023\/wp-json\/wp\/v2\/posts\/174216","targetHints":{"allow":["GET"]}}],"collection":[{"href":"https:\/\/www.enteratever.com\/2023\/wp-json\/wp\/v2\/posts"}],"about":[{"href":"https:\/\/www.enteratever.com\/2023\/wp-json\/wp\/v2\/types\/post"}],"author":[{"embeddable":true,"href":"https:\/\/www.enteratever.com\/2023\/wp-json\/wp\/v2\/users\/4"}],"replies":[{"embeddable":true,"href":"https:\/\/www.enteratever.com\/2023\/wp-json\/wp\/v2\/comments?post=174216"}],"version-history":[{"count":0,"href":"https:\/\/www.enteratever.com\/2023\/wp-json\/wp\/v2\/posts\/174216\/revisions"}],"wp:featuredmedia":[{"embeddable":true,"href":"https:\/\/www.enteratever.com\/2023\/wp-json\/wp\/v2\/media\/174217"}],"wp:attachment":[{"href":"https:\/\/www.enteratever.com\/2023\/wp-json\/wp\/v2\/media?parent=174216"}],"wp:term":[{"taxonomy":"category","embeddable":true,"href":"https:\/\/www.enteratever.com\/2023\/wp-json\/wp\/v2\/categories?post=174216"},{"taxonomy":"post_tag","embeddable":true,"href":"https:\/\/www.enteratever.com\/2023\/wp-json\/wp\/v2\/tags?post=174216"}],"curies":[{"name":"wp","href":"https:\/\/api.w.org\/{rel}","templated":true}]}}