{"id":174200,"date":"2021-07-21T19:17:50","date_gmt":"2021-07-21T19:17:50","guid":{"rendered":"https:\/\/www.enteratever.com\/2023\/transporte-publico-continua-reforzando-las-medidas-sanitarias\/"},"modified":"2021-07-21T19:17:50","modified_gmt":"2021-07-21T19:17:50","slug":"transporte-publico-continua-reforzando-las-medidas-sanitarias","status":"publish","type":"post","link":"https:\/\/www.enteratever.com\/2023\/2021\/07\/21\/transporte-publico-continua-reforzando-las-medidas-sanitarias\/","title":{"rendered":"Transporte P\u00fablico contin\u00faa reforzando las medidas sanitarias"},"content":{"rendered":"<p>Visitas: 4<\/p>\n<p class=\"wp-block-paragraph\">Con el fin de reducir el n\u00famero de contagios de covid-19 en el municipio la delegaci\u00f3n del Transporte P\u00fablico en el municipio continua exhortando a la poblaci\u00f3n y a los transportistas a qu\u00e9 respeten las medidas sanitarias, as\u00ed lo dio a conocer \u00c1ngel Carsolio Hern\u00e1ndez, delegado de Transporte P\u00fablico en Poza Rica.<\/p>\n\n\n\n<p class=\"wp-block-paragraph\">En entrevista, el titular de la oficina dio a conocer que las medidas nunca se han dejado de promocionar, pero ante el regreso del color rojo han tenido que exhortar a los taxistas y a los usuarios para que acaten las indicaciones de las autoridades estatales, por lo que los taxistas deber\u00e1n transitar con el 50 por de su cupo.<\/p>\n\n\n\n<p class=\"wp-block-paragraph\">Al igual ser\u00e1 obligatorio el uso de cubrebocas, por lo que de no cumplir con esto ser\u00e1n acreedores a una sanci\u00f3n de una multa de cuatro d\u00edas de salario m\u00ednimo o en su caso la revocaci\u00f3n de la licencia en caso de que contin\u00faen desobedeciendo las acciones del sector salud, motivo por el cual solicitaron a los conductores respetar la norma.<\/p>\n\n\n\n<p class=\"wp-block-paragraph\">En caso de que la ciudadan\u00eda quiera reportar alg\u00fan taxista de que no est\u00e1 respetando las medidas sanitarias o el l\u00edmite de cupo podr\u00e1n llamar al 911, acudir a la delegaci\u00f3n o bien si observan alguna patrulla de Transporte P\u00fablico comentarles la situaci\u00f3n, para que el personal act\u00fae de manera oportuna, ya que los ruleteros ya fueron avisados.<\/p>\n\n\n\n<p class=\"wp-block-paragraph\">El delegado, dio a conocer que la oficina de Transporte P\u00fablico ha estado otorgando de manera gratuita cubrebocas, gel antibacterial, al igual exhort\u00f3 a los taxistas para que acuda a sanitizar sus unidades a un costado de la escuela primaria Mar\u00eda Enriqueta, en donde se han venido realizando las acciones para prevenir m\u00e1s contagios de covid-19.<\/p>\n\n\n\n<p class=\"wp-block-paragraph\">Carsolio Hern\u00e1ndez coment\u00f3 que no se ha registrado un incremento de casos positivos entre taxistas, dijo que constantemente mantiene platicas con los titulares de los sindicatos de taxistas y hasta la fecha solo cuentan con el registro de una persona, la cual se encuentra siendo atendido, por lo los mismos representantes de los l\u00edderes de taxistas piden que a sus agremiados a qu\u00e9 respeten los lineamientos.<\/p>\n\n\n\n<figure class=\"wp-block-gallery columns-1 wp-block-gallery-1 is-layout-flex wp-block-gallery-is-layout-flex\"><ul class=\"blocks-gallery-grid\"><li class=\"blocks-gallery-item\"><figure><img decoding=\"async\" src=\"https:\/\/www.enteratever.com\/2020\/wp-content\/uploads\/2021\/07\/WhatsApp-Image-2021-07-21-at-12.56.29.jpeg\" alt=\"\" data-id=\"51090\" data-full-url=\"https:\/\/www.enteratever.com\/2020\/wp-content\/uploads\/2021\/07\/WhatsApp-Image-2021-07-21-at-12.56.29.jpeg\" data-link=\"https:\/\/www.enteratever.com\/?attachment_id=51090\" class=\"wp-image-51090\"\/><\/figure><\/li><li class=\"blocks-gallery-item\"><figure><img decoding=\"async\" src=\"https:\/\/www.enteratever.com\/2020\/wp-content\/uploads\/2021\/07\/WhatsApp-Image-2021-07-21-at-12.56.28.jpeg\" alt=\"\" data-id=\"51089\" data-full-url=\"https:\/\/www.enteratever.com\/2020\/wp-content\/uploads\/2021\/07\/WhatsApp-Image-2021-07-21-at-12.56.28.jpeg\" data-link=\"https:\/\/www.enteratever.com\/?attachment_id=51089\" class=\"wp-image-51089\"\/><\/figure><\/li><li class=\"blocks-gallery-item\"><figure><img decoding=\"async\" src=\"https:\/\/www.enteratever.com\/2020\/wp-content\/uploads\/2021\/07\/WhatsApp-Image-2021-07-21-at-12.56.27.jpeg\" alt=\"\" data-id=\"51088\" data-full-url=\"https:\/\/www.enteratever.com\/2020\/wp-content\/uploads\/2021\/07\/WhatsApp-Image-2021-07-21-at-12.56.27.jpeg\" data-link=\"https:\/\/www.enteratever.com\/?attachment_id=51088\" class=\"wp-image-51088\"\/><\/figure><\/li><li class=\"blocks-gallery-item\"><figure><img decoding=\"async\" src=\"https:\/\/www.enteratever.com\/2020\/wp-content\/uploads\/2021\/07\/WhatsApp-Image-2021-07-21-at-12.56.26.jpeg\" alt=\"\" data-id=\"51087\" data-full-url=\"https:\/\/www.enteratever.com\/2020\/wp-content\/uploads\/2021\/07\/WhatsApp-Image-2021-07-21-at-12.56.26.jpeg\" data-link=\"https:\/\/www.enteratever.com\/?attachment_id=51087\" class=\"wp-image-51087\"\/><\/figure><\/li><\/ul><\/figure>\n","protected":false},"excerpt":{"rendered":"<p>Visitas: 4 Con el fin de reducir el n\u00famero de contagios de covid-19 en el municipio la delegaci\u00f3n del Transporte P\u00fablico en el municipio continua exhortando a la poblaci\u00f3n y a los transportistas a qu\u00e9 respeten las medidas sanitarias, as\u00ed lo dio a conocer \u00c1ngel Carsolio Hern\u00e1ndez, delegado de Transporte P\u00fablico en Poza Rica. En [&hellip;]<\/p>\n","protected":false},"author":4,"featured_media":174201,"comment_status":"open","ping_status":"open","sticky":false,"template":"","format":"standard","meta":{"footnotes":""},"categories":[213],"tags":[],"class_list":["post-174200","post","type-post","status-publish","format-standard","has-post-thumbnail","category-poza-rica"],"nelio_content":{"isAutoShareEnabled":true,"autoShareEndMode":"never","automationSources":{"useCustomSentences":false,"customSentences":[]},"followers":[],"suggestedReferences":[],"efiUrl":"","efiAlt":"","highlights":[],"permalinkQueryArgs":[],"series":[]},"_links":{"self":[{"href":"https:\/\/www.enteratever.com\/2023\/wp-json\/wp\/v2\/posts\/174200","targetHints":{"allow":["GET"]}}],"collection":[{"href":"https:\/\/www.enteratever.com\/2023\/wp-json\/wp\/v2\/posts"}],"about":[{"href":"https:\/\/www.enteratever.com\/2023\/wp-json\/wp\/v2\/types\/post"}],"author":[{"embeddable":true,"href":"https:\/\/www.enteratever.com\/2023\/wp-json\/wp\/v2\/users\/4"}],"replies":[{"embeddable":true,"href":"https:\/\/www.enteratever.com\/2023\/wp-json\/wp\/v2\/comments?post=174200"}],"version-history":[{"count":0,"href":"https:\/\/www.enteratever.com\/2023\/wp-json\/wp\/v2\/posts\/174200\/revisions"}],"wp:featuredmedia":[{"embeddable":true,"href":"https:\/\/www.enteratever.com\/2023\/wp-json\/wp\/v2\/media\/174201"}],"wp:attachment":[{"href":"https:\/\/www.enteratever.com\/2023\/wp-json\/wp\/v2\/media?parent=174200"}],"wp:term":[{"taxonomy":"category","embeddable":true,"href":"https:\/\/www.enteratever.com\/2023\/wp-json\/wp\/v2\/categories?post=174200"},{"taxonomy":"post_tag","embeddable":true,"href":"https:\/\/www.enteratever.com\/2023\/wp-json\/wp\/v2\/tags?post=174200"}],"curies":[{"name":"wp","href":"https:\/\/api.w.org\/{rel}","templated":true}]}}