{"id":174196,"date":"2021-07-20T23:33:50","date_gmt":"2021-07-20T23:33:50","guid":{"rendered":"https:\/\/www.enteratever.com\/2023\/crit-veracruz-refuerza-medidas-sanitarias\/"},"modified":"2021-07-20T23:33:50","modified_gmt":"2021-07-20T23:33:50","slug":"crit-veracruz-refuerza-medidas-sanitarias","status":"publish","type":"post","link":"https:\/\/www.enteratever.com\/2023\/2021\/07\/20\/crit-veracruz-refuerza-medidas-sanitarias\/","title":{"rendered":"Crit Veracruz refuerza medidas sanitarias"},"content":{"rendered":"<p>Visitas: 5<\/p>\n<p class=\"wp-block-paragraph\"><em>No s\u00e9 cancelar\u00e1 la atenci\u00f3n a los pacientes.<\/em><\/p>\n\n\n\n<p class=\"wp-block-paragraph\">El Centro de Rehabilitaci\u00f3n Infantil Telet\u00f3n (Crit) Veracruz ha tenido que restringir el acceso esto debido al incremento de casos de covid-19 en el municipio, por lo que ahora solo ingresar\u00e1 el paciente y un acompa\u00f1ante, esto para evitar aglomeraciones dentro de las instalaciones.<\/p>\n\n\n\n<p class=\"wp-block-paragraph\">De acuerdo con \u00c1ngel Ren\u00e9 Zabaleta Mora, director del Crit Veracruz inform\u00f3 que est\u00e1s acciones, adem\u00e1s de que para poder i fresar los familiares del paciente deber\u00e1n de seguir algunas indicaciones, como el uso obligatorio de cubrebocas, traer el cabello amarrado, el guardar la sana distancia y el uso de gel antibacterial, para asegurar que no exista riesgo de contagio.<\/p>\n\n\n\n<p class=\"wp-block-paragraph\">Reiter\u00f3 que no se estar\u00e1n cancelando las consultas de los ni\u00f1os a pesar de que se encuentran en sem\u00e1foro rojo, es por eso que implementaron dichas medidas, pues el a\u00f1o pasado por cuestiones de la pandemia se vieron la necesidad de tener que cerrar y a trav\u00e9s de l\u00ednea y alternativas lograron que los ni\u00f1os pudieran continuar con su rehabilitaci\u00f3n, pues destac\u00f3 que es de suma importancia que ni la dejen.<\/p>\n\n\n\n<p class=\"wp-block-paragraph\">El director del Crit mencion\u00f3, que actualmente atienden a un total de 600 ni\u00f1os, a los cuales se les sigue brindando el servicio sin problema alguno, destac\u00f3 que algunos padre de algunos pacientes por el traslado o por lo problemas de salud de sus hijos han tomado la decisi\u00f3n de esperar a que pase la situaci\u00f3n para que los menores puedan regresar al centro, por lo que est\u00e1n respetando las decisiones de los tutores.<\/p>\n\n\n\n<p class=\"wp-block-paragraph\">Por \u00faltimo, coment\u00f3 que hasta el momento no se han presentado casos de covid-19 dentro de las instalaciones de centro, por lo que siguen con las medidas sanitarias para prevenir alg\u00fan contagio, al igual siguen prestando servicio de rehabilitaci\u00f3n respiratoria para las personas que padecieron de coronavirus y quedaron con alguna secuela de esta enfermedad.<\/p>\n","protected":false},"excerpt":{"rendered":"<p>Visitas: 5 No s\u00e9 cancelar\u00e1 la atenci\u00f3n a los pacientes. El Centro de Rehabilitaci\u00f3n Infantil Telet\u00f3n (Crit) Veracruz ha tenido que restringir el acceso esto debido al incremento de casos de covid-19 en el municipio, por lo que ahora solo ingresar\u00e1 el paciente y un acompa\u00f1ante, esto para evitar aglomeraciones dentro de las instalaciones. De [&hellip;]<\/p>\n","protected":false},"author":4,"featured_media":174197,"comment_status":"open","ping_status":"open","sticky":false,"template":"","format":"standard","meta":{"footnotes":""},"categories":[213],"tags":[],"class_list":["post-174196","post","type-post","status-publish","format-standard","has-post-thumbnail","category-poza-rica"],"nelio_content":{"isAutoShareEnabled":true,"autoShareEndMode":"never","automationSources":{"useCustomSentences":false,"customSentences":[]},"followers":[],"suggestedReferences":[],"efiUrl":"","efiAlt":"","highlights":[],"permalinkQueryArgs":[],"series":[]},"_links":{"self":[{"href":"https:\/\/www.enteratever.com\/2023\/wp-json\/wp\/v2\/posts\/174196","targetHints":{"allow":["GET"]}}],"collection":[{"href":"https:\/\/www.enteratever.com\/2023\/wp-json\/wp\/v2\/posts"}],"about":[{"href":"https:\/\/www.enteratever.com\/2023\/wp-json\/wp\/v2\/types\/post"}],"author":[{"embeddable":true,"href":"https:\/\/www.enteratever.com\/2023\/wp-json\/wp\/v2\/users\/4"}],"replies":[{"embeddable":true,"href":"https:\/\/www.enteratever.com\/2023\/wp-json\/wp\/v2\/comments?post=174196"}],"version-history":[{"count":0,"href":"https:\/\/www.enteratever.com\/2023\/wp-json\/wp\/v2\/posts\/174196\/revisions"}],"wp:featuredmedia":[{"embeddable":true,"href":"https:\/\/www.enteratever.com\/2023\/wp-json\/wp\/v2\/media\/174197"}],"wp:attachment":[{"href":"https:\/\/www.enteratever.com\/2023\/wp-json\/wp\/v2\/media?parent=174196"}],"wp:term":[{"taxonomy":"category","embeddable":true,"href":"https:\/\/www.enteratever.com\/2023\/wp-json\/wp\/v2\/categories?post=174196"},{"taxonomy":"post_tag","embeddable":true,"href":"https:\/\/www.enteratever.com\/2023\/wp-json\/wp\/v2\/tags?post=174196"}],"curies":[{"name":"wp","href":"https:\/\/api.w.org\/{rel}","templated":true}]}}