{"id":174184,"date":"2021-07-18T23:51:51","date_gmt":"2021-07-18T23:51:51","guid":{"rendered":"https:\/\/www.enteratever.com\/2023\/crit-sigue-ofertando-rehabilitacion-respiratoria\/"},"modified":"2021-07-18T23:51:51","modified_gmt":"2021-07-18T23:51:51","slug":"crit-sigue-ofertando-rehabilitacion-respiratoria","status":"publish","type":"post","link":"https:\/\/www.enteratever.com\/2023\/2021\/07\/18\/crit-sigue-ofertando-rehabilitacion-respiratoria\/","title":{"rendered":"CRIT sigue ofertando rehabilitaci\u00f3n respiratoria"},"content":{"rendered":"<p>Visitas: 0<\/p>\n<p class=\"wp-block-paragraph\">De acuerdo con \u00c1ngel Rene Zavaleta Mora, director del Centro de Rehabilitaci\u00f3n Infantil Telet\u00f3n (Crit) Veracruz, dijo que desde que se activ\u00f3 el servicio de terapia respiratoria post covid-19 se han atendido a mas de 150 pacientes, por lo que se\u00f1al\u00f3 que ha tenido muy buena respuesta por parte de la ciudadan\u00eda que lo requiere.<\/p>\n\n\n\n<p class=\"wp-block-paragraph\">Inform\u00f3 que desde el a\u00f1o pasado el servicio ha sido puesto al p\u00fablico que se as\u00ed lo requiera, por lo que se siente muy contentos que las personas acudan, dicho tratamiento consiste en darles rehabilitaci\u00f3n pulmonar, por lo que dijo que es necesario que las personas que han padecido esta enfermedad acudan para que los apoyen.<\/p>\n\n\n\n<p class=\"wp-block-paragraph\">En entrevista, el titular del Crit Veracruz dijo que este servicio seguir\u00e1 abierto al publico que as\u00ed lo requiera, por lo que las instalaciones seguir\u00e1n abiertas, pues es la forma que tiene para poner un granito de ayuda en estos momentos, en donde el mundo est\u00e1 atravesando una situaci\u00f3n tan complicada, debido a esta enfermedad.<\/p>\n\n\n\n<figure class=\"wp-block-image size-full\"><img decoding=\"async\" src=\"https:\/\/www.enteratever.com\/2020\/wp-content\/uploads\/2021\/07\/WhatsApp-Image-2021-07-18-at-17.33.51.jpeg\" alt=\"\" class=\"wp-image-50943\"\/><\/figure>\n\n\n\n<p class=\"wp-block-paragraph\">Destac\u00f3 que el objetivo de que las personas reciban estas terapias es el poder disminuir la dificultad para respirar, aliviar la ansiedad que puede causar la falta de aire, reducir las complicaciones relacionadas con la enfermedad, optimar la funci\u00f3n respiratoria y mejorar la disfunci\u00f3n respiratoria, es por eso que invita ala gente aque acudan si as\u00ed lo requieren.<\/p>\n\n\n\n<p class=\"wp-block-paragraph\">Zavaleta Mora coment\u00f3 que es necesario que en caso de requerir el servicio se comuniquen al n\u00famero del Crit para agendar una cita, ya que debido a ala pandemia todo se esta realizando por citas para evitar aglomeraciones dentro del centro y as\u00ed impedir que el personal se enferme.<\/p>\n","protected":false},"excerpt":{"rendered":"<p>Visitas: 0 De acuerdo con \u00c1ngel Rene Zavaleta Mora, director del Centro de Rehabilitaci\u00f3n Infantil Telet\u00f3n (Crit) Veracruz, dijo que desde que se activ\u00f3 el servicio de terapia respiratoria post covid-19 se han atendido a mas de 150 pacientes, por lo que se\u00f1al\u00f3 que ha tenido muy buena respuesta por parte de la ciudadan\u00eda que [&hellip;]<\/p>\n","protected":false},"author":4,"featured_media":174185,"comment_status":"open","ping_status":"open","sticky":false,"template":"","format":"standard","meta":{"footnotes":""},"categories":[213],"tags":[],"class_list":["post-174184","post","type-post","status-publish","format-standard","has-post-thumbnail","category-poza-rica"],"nelio_content":{"isAutoShareEnabled":true,"autoShareEndMode":"never","automationSources":{"useCustomSentences":false,"customSentences":[]},"followers":[],"suggestedReferences":[],"efiUrl":"","efiAlt":"","highlights":[],"permalinkQueryArgs":[],"series":[]},"_links":{"self":[{"href":"https:\/\/www.enteratever.com\/2023\/wp-json\/wp\/v2\/posts\/174184","targetHints":{"allow":["GET"]}}],"collection":[{"href":"https:\/\/www.enteratever.com\/2023\/wp-json\/wp\/v2\/posts"}],"about":[{"href":"https:\/\/www.enteratever.com\/2023\/wp-json\/wp\/v2\/types\/post"}],"author":[{"embeddable":true,"href":"https:\/\/www.enteratever.com\/2023\/wp-json\/wp\/v2\/users\/4"}],"replies":[{"embeddable":true,"href":"https:\/\/www.enteratever.com\/2023\/wp-json\/wp\/v2\/comments?post=174184"}],"version-history":[{"count":0,"href":"https:\/\/www.enteratever.com\/2023\/wp-json\/wp\/v2\/posts\/174184\/revisions"}],"wp:featuredmedia":[{"embeddable":true,"href":"https:\/\/www.enteratever.com\/2023\/wp-json\/wp\/v2\/media\/174185"}],"wp:attachment":[{"href":"https:\/\/www.enteratever.com\/2023\/wp-json\/wp\/v2\/media?parent=174184"}],"wp:term":[{"taxonomy":"category","embeddable":true,"href":"https:\/\/www.enteratever.com\/2023\/wp-json\/wp\/v2\/categories?post=174184"},{"taxonomy":"post_tag","embeddable":true,"href":"https:\/\/www.enteratever.com\/2023\/wp-json\/wp\/v2\/tags?post=174184"}],"curies":[{"name":"wp","href":"https:\/\/api.w.org\/{rel}","templated":true}]}}